{"id":1256,"date":"2016-04-04T13:33:38","date_gmt":"2016-04-04T13:33:38","guid":{"rendered":"http:\/\/www.mormaii.com.br\/site\/?p=1256"},"modified":"2016-04-04T13:33:38","modified_gmt":"2016-04-04T13:33:38","slug":"noticiassylvio-mancusi-bombas-portuguesas","status":"publish","type":"post","link":"https:\/\/www.mormaii.com.br\/site\/noticiassylvio-mancusi-bombas-portuguesas\/","title":{"rendered":"Sylvio Mancusi Bombas Portuguesas"},"content":{"rendered":"<p>O big rider&nbsp;<a href=\"http:\/\/www.mormaii.com.br\/author\/sylviomancusi_\/\" target=\"_blank\" style=\"background-color: rgb(255, 255, 255);\">Sylvio Mancusi<\/a>&nbsp;acostumou-se a passar a temporada havaiana surfando as maiores ondas do arquip\u00e9lago, como Jaws e Waimea.<\/p>\n<p>Mas desta vez, ele se dirigiu para o outro lado do planeta.<\/p>\n<p>Ao inv\u00e9s de embarcar para o Pac\u00edfico, foi de encontro a enorme ondula\u00e7\u00e3o do Atl\u00e2ntico que atingiu em cheio a costa portuguesa, dia 11 de dezembro.<\/p>\n<p>\u201cViva Nazar\u00e9! Deus, minha fam\u00edlia, amigos e patrocinadores, muito obrigado pelo apoio \u00e0s \u2018minhas loucuras\u2019, me sinto privilegiado de sentir o poder da natureza dessa forma \u00edmpar que \u00e9 um oceano todo se movendo em dire\u00e7\u00e3o a praia\u201d, agradece Sylvinho.<\/p>\n<p>As dimens\u00f5es oce\u00e2nicas de Nazar\u00e9 impressionam at\u00e9 mesmo os big riders mais experientes. \u201cQuando as maiores s\u00e9ries do dia fechavam o horizonte, os jet skis pareciam inofensivos tamanha velocidade,&nbsp;<em>power<\/em>&nbsp;e altura\u201d, revela.<\/p>\n<p>Em rela\u00e7\u00e3o aos perigos enfrentados, Mauka se considera um privilegiado. \u201cPodem haver, talvez, 10 dias como esse na vida de um surfista de ondas grandes, cada um com sua m\u00e1gica imortalizada\u201d, afirma.<\/p>\n<p>Quanto ao tamanho das ondas, a compara\u00e7\u00e3o com o&nbsp;<a href=\"http:\/\/www.mormaii.com.br\/noticias\/2014\/01\/carlos-burle-e-o-maior-dia-da-historia-do-surf\/\">dia gigante<\/a>&nbsp;da temporada anterior se torna inevit\u00e1vel. \u201cTodos meus amigos me perguntam a mesma coisa: estava maior que o ano passado? Tirem suas conclus\u00f5es!\u201d<\/p>\n","protected":false},"excerpt":{"rendered":"<p>O big rider&nbsp;Sylvio Mancusi&nbsp;acostumou-se a passar a temporada havaiana surfando as maiores ondas do arquip\u00e9lago, como Jaws e Waimea. Mas desta vez, ele se dirigiu para o outro lado do planeta. Ao inv\u00e9s de embarcar para o Pac\u00edfico, foi de encontro a enorme ondula\u00e7\u00e3o do Atl\u00e2ntico que atingiu em cheio a costa portuguesa, dia 11 [&hellip;]<\/p>\n","protected":false},"author":3,"featured_media":1257,"comment_status":"open","ping_status":"open","sticky":false,"template":"","format":"standard","meta":{"_uag_custom_page_level_css":"","_mi_skip_tracking":false,"footnotes":""},"categories":[7],"tags":[],"class_list":["post-1256","post","type-post","status-publish","format-standard","has-post-thumbnail","hentry","category-novidades"],"acf":[],"uagb_featured_image_src":{"full":["https:\/\/www.mormaii.com.br\/site\/wp-content\/uploads\/2017\/06\/95ef788ff718588d5cc7.jpg",1600,959,false],"thumbnail":["https:\/\/www.mormaii.com.br\/site\/wp-content\/uploads\/2017\/06\/95ef788ff718588d5cc7-150x150.jpg",150,150,true],"medium":["https:\/\/www.mormaii.com.br\/site\/wp-content\/uploads\/2017\/06\/95ef788ff718588d5cc7-300x180.jpg",300,180,true],"medium_large":["https:\/\/www.mormaii.com.br\/site\/wp-content\/uploads\/2017\/06\/95ef788ff718588d5cc7-768x460.jpg",768,460,true],"large":["https:\/\/www.mormaii.com.br\/site\/wp-content\/uploads\/2017\/06\/95ef788ff718588d5cc7-1024x614.jpg",1024,614,true],"1536x1536":["https:\/\/www.mormaii.com.br\/site\/wp-content\/uploads\/2017\/06\/95ef788ff718588d5cc7.jpg",1536,921,false],"2048x2048":["https:\/\/www.mormaii.com.br\/site\/wp-content\/uploads\/2017\/06\/95ef788ff718588d5cc7.jpg",1600,959,false],"qi_addons_for_elementor_image_size_square":["https:\/\/www.mormaii.com.br\/site\/wp-content\/uploads\/2017\/06\/95ef788ff718588d5cc7.jpg",650,390,false],"qi_addons_for_elementor_image_size_landscape":["https:\/\/www.mormaii.com.br\/site\/wp-content\/uploads\/2017\/06\/95ef788ff718588d5cc7.jpg",1084,650,false],"qi_addons_for_elementor_image_size_portrait":["https:\/\/www.mormaii.com.br\/site\/wp-content\/uploads\/2017\/06\/95ef788ff718588d5cc7.jpg",650,390,false],"qi_addons_for_elementor_image_size_huge-square":["https:\/\/www.mormaii.com.br\/site\/wp-content\/uploads\/2017\/06\/95ef788ff718588d5cc7.jpg",1300,779,false]},"uagb_author_info":{"display_name":"mormaii_importer","author_link":"https:\/\/www.mormaii.com.br\/site\/author\/mormaii_importer\/"},"uagb_comment_info":0,"uagb_excerpt":"O big rider&nbsp;Sylvio Mancusi&nbsp;acostumou-se a passar a temporada havaiana surfando as maiores ondas do arquip\u00e9lago, como Jaws e Waimea. Mas desta vez, ele se dirigiu para o outro lado do planeta. Ao inv\u00e9s de embarcar para o Pac\u00edfico, foi de encontro a enorme ondula\u00e7\u00e3o do Atl\u00e2ntico que atingiu em cheio a costa portuguesa, dia 11&hellip;","_links":{"self":[{"href":"https:\/\/www.mormaii.com.br\/site\/wp-json\/wp\/v2\/posts\/1256"}],"collection":[{"href":"https:\/\/www.mormaii.com.br\/site\/wp-json\/wp\/v2\/posts"}],"about":[{"href":"https:\/\/www.mormaii.com.br\/site\/wp-json\/wp\/v2\/types\/post"}],"author":[{"embeddable":true,"href":"https:\/\/www.mormaii.com.br\/site\/wp-json\/wp\/v2\/users\/3"}],"replies":[{"embeddable":true,"href":"https:\/\/www.mormaii.com.br\/site\/wp-json\/wp\/v2\/comments?post=1256"}],"version-history":[{"count":0,"href":"https:\/\/www.mormaii.com.br\/site\/wp-json\/wp\/v2\/posts\/1256\/revisions"}],"wp:featuredmedia":[{"embeddable":true,"href":"https:\/\/www.mormaii.com.br\/site\/wp-json\/wp\/v2\/media\/1257"}],"wp:attachment":[{"href":"https:\/\/www.mormaii.com.br\/site\/wp-json\/wp\/v2\/media?parent=1256"}],"wp:term":[{"taxonomy":"category","embeddable":true,"href":"https:\/\/www.mormaii.com.br\/site\/wp-json\/wp\/v2\/categories?post=1256"},{"taxonomy":"post_tag","embeddable":true,"href":"https:\/\/www.mormaii.com.br\/site\/wp-json\/wp\/v2\/tags?post=1256"}],"curies":[{"name":"wp","href":"https:\/\/api.w.org\/{rel}","templated":true}]}}