{"id":1266,"date":"2016-04-04T13:33:38","date_gmt":"2016-04-04T13:33:38","guid":{"rendered":"http:\/\/www.mormaii.com.br\/site\/?p=1266"},"modified":"2022-06-10T10:46:20","modified_gmt":"2022-06-10T13:46:20","slug":"noticiasblog-desenho-humano-or-ciencia-empirica-para-autoconhecimento-2","status":"publish","type":"post","link":"https:\/\/www.mormaii.com.br\/site\/noticiasblog-desenho-humano-or-ciencia-empirica-para-autoconhecimento-2\/","title":{"rendered":"Blog desenho humano | Ci\u00eancia Emp\u00edrica para autoconhecimento."},"content":{"rendered":"<p>Voc\u00ea j\u00e1 fez seu desenho humano pessoal gratuito pelo link abaixo?<\/p>\n<p><a href=\"http:\/\/www.desenhohumanobrasil.com.br\/chartgratuito\">http:\/\/www.desenhohumanobrasil.com.br\/chartgratuito<\/a><br \/>Se n\u00e3o fez ainda, gostaria de fazer?<\/p>\n<p>IN\u00cdCIO DO CICLO SOLAR 2015<br \/>Da mesma forma que a Terra tem sua rela\u00e7\u00e3o natural com as quarto esta\u00e7\u00f5es do ano, de acordo com o conhecimento do Desenho Humano, n\u00f3s seres humanos tamb\u00e9m possu\u00edmos uma rela\u00e7\u00e3o natural de quatro \u201cesta\u00e7\u00f5es\u201d humanas em rela\u00e7\u00e3o ao movimento do Cosmos, no decorrer de um ano, um Ciclo Solar.<\/p>\n<p>Em um Ciclo Solar, tempo que a Terra leva para dar uma volta completa em torno do Sol, vivemos as \u201cesta\u00e7\u00f5es\u201d da Inicia\u00e7\u00e3o (encontrar o prop\u00f3sito atrav\u00e9s da Mente \u2013 Alcyon), Civiliza\u00e7\u00e3o (encontrar o prop\u00f3sito atrav\u00e9s da Mat\u00e9ria \u2013 Dubhe), Dualidade (encontrar o prop\u00f3sito atrav\u00e9s do Outro \u2013 J\u00fapiter) e Muta\u00e7\u00e3o (encontrar o prop\u00f3sito atrav\u00e9s da Transforma\u00e7\u00e3o \u2013 Sirius).<\/p>\n<p>O Ano Novo, de acordo com o Desenho Humano, \u00e9 marcado pela passagem do Sol (que se move em sentido anti-hor\u00e1rio em rela\u00e7\u00e3o \u00e0 Mandala do Desenho Humano) na pen\u00faltima Porta do Quarto da Muta\u00e7\u00e3o: a Porta 41, o c\u00f3don gen\u00e9tico iniciador, a letra mai\u00fascula que inicia a sentence gen\u00e9tica.<\/p>\n<p>Em 2015, o Sol vai chegar na Porta 41 no dia 22 de janeiro, aproximadamente \u00e0s 06h53min (hor\u00e1rio de Bras\u00edlia)!<\/p>\n<p>Guarde suas resolu\u00e7\u00f5es de Ano Novo para essa data. At\u00e9 l\u00e1, estaremos em tempos de profunda muta\u00e7\u00e3o e finaliza\u00e7\u00e3o do ano! Boas Festas para todos!<\/p>\n<p><em>M\u00e9ris Oliveira<br \/>Desenho Humano Brasil<br \/>Para obter uma leitura do seu desenho humano pessoal, entre em contato com um analista profissional de Desenho Humano:&nbsp;<\/em><a href=\"http:\/\/www.desenhohumanobrasil.com.br\/recem-chegados\/analisedesenho\">www.desenhohumanobrasil.com.br\/recem-chegados\/analisedesenho<\/a><\/p>\n","protected":false},"excerpt":{"rendered":"<p>Voc\u00ea j\u00e1 fez seu desenho humano pessoal gratuito pelo link abaixo? http:\/\/www.desenhohumanobrasil.com.br\/chartgratuitoSe n\u00e3o fez ainda, gostaria de fazer? IN\u00cdCIO DO CICLO SOLAR 2015Da mesma forma que a Terra tem sua rela\u00e7\u00e3o natural com as quarto esta\u00e7\u00f5es do ano, de acordo com o conhecimento do Desenho Humano, n\u00f3s seres humanos tamb\u00e9m possu\u00edmos uma rela\u00e7\u00e3o natural de [&hellip;]<\/p>\n","protected":false},"author":3,"featured_media":1267,"comment_status":"open","ping_status":"open","sticky":false,"template":"","format":"standard","meta":{"_uag_custom_page_level_css":"","_mi_skip_tracking":false,"footnotes":""},"categories":[914,7],"tags":[],"class_list":["post-1266","post","type-post","status-publish","format-standard","has-post-thumbnail","hentry","category-mormaii","category-novidades"],"acf":[],"uagb_featured_image_src":{"full":["https:\/\/www.mormaii.com.br\/site\/wp-content\/uploads\/2017\/06\/4c2dff670e03893c4622.jpg",1600,959,false],"thumbnail":["https:\/\/www.mormaii.com.br\/site\/wp-content\/uploads\/2017\/06\/4c2dff670e03893c4622-150x150.jpg",150,150,true],"medium":["https:\/\/www.mormaii.com.br\/site\/wp-content\/uploads\/2017\/06\/4c2dff670e03893c4622-300x180.jpg",300,180,true],"medium_large":["https:\/\/www.mormaii.com.br\/site\/wp-content\/uploads\/2017\/06\/4c2dff670e03893c4622-768x460.jpg",768,460,true],"large":["https:\/\/www.mormaii.com.br\/site\/wp-content\/uploads\/2017\/06\/4c2dff670e03893c4622-1024x614.jpg",1024,614,true],"1536x1536":["https:\/\/www.mormaii.com.br\/site\/wp-content\/uploads\/2017\/06\/4c2dff670e03893c4622.jpg",1536,921,false],"2048x2048":["https:\/\/www.mormaii.com.br\/site\/wp-content\/uploads\/2017\/06\/4c2dff670e03893c4622.jpg",1600,959,false],"qi_addons_for_elementor_image_size_square":["https:\/\/www.mormaii.com.br\/site\/wp-content\/uploads\/2017\/06\/4c2dff670e03893c4622.jpg",650,390,false],"qi_addons_for_elementor_image_size_landscape":["https:\/\/www.mormaii.com.br\/site\/wp-content\/uploads\/2017\/06\/4c2dff670e03893c4622.jpg",1084,650,false],"qi_addons_for_elementor_image_size_portrait":["https:\/\/www.mormaii.com.br\/site\/wp-content\/uploads\/2017\/06\/4c2dff670e03893c4622.jpg",650,390,false],"qi_addons_for_elementor_image_size_huge-square":["https:\/\/www.mormaii.com.br\/site\/wp-content\/uploads\/2017\/06\/4c2dff670e03893c4622.jpg",1300,779,false]},"uagb_author_info":{"display_name":"mormaii_importer","author_link":"https:\/\/www.mormaii.com.br\/site\/author\/mormaii_importer\/"},"uagb_comment_info":0,"uagb_excerpt":"Voc\u00ea j\u00e1 fez seu desenho humano pessoal gratuito pelo link abaixo? http:\/\/www.desenhohumanobrasil.com.br\/chartgratuitoSe n\u00e3o fez ainda, gostaria de fazer? IN\u00cdCIO DO CICLO SOLAR 2015Da mesma forma que a Terra tem sua rela\u00e7\u00e3o natural com as quarto esta\u00e7\u00f5es do ano, de acordo com o conhecimento do Desenho Humano, n\u00f3s seres humanos tamb\u00e9m possu\u00edmos uma rela\u00e7\u00e3o natural de&hellip;","_links":{"self":[{"href":"https:\/\/www.mormaii.com.br\/site\/wp-json\/wp\/v2\/posts\/1266"}],"collection":[{"href":"https:\/\/www.mormaii.com.br\/site\/wp-json\/wp\/v2\/posts"}],"about":[{"href":"https:\/\/www.mormaii.com.br\/site\/wp-json\/wp\/v2\/types\/post"}],"author":[{"embeddable":true,"href":"https:\/\/www.mormaii.com.br\/site\/wp-json\/wp\/v2\/users\/3"}],"replies":[{"embeddable":true,"href":"https:\/\/www.mormaii.com.br\/site\/wp-json\/wp\/v2\/comments?post=1266"}],"version-history":[{"count":1,"href":"https:\/\/www.mormaii.com.br\/site\/wp-json\/wp\/v2\/posts\/1266\/revisions"}],"predecessor-version":[{"id":58052,"href":"https:\/\/www.mormaii.com.br\/site\/wp-json\/wp\/v2\/posts\/1266\/revisions\/58052"}],"wp:featuredmedia":[{"embeddable":true,"href":"https:\/\/www.mormaii.com.br\/site\/wp-json\/wp\/v2\/media\/1267"}],"wp:attachment":[{"href":"https:\/\/www.mormaii.com.br\/site\/wp-json\/wp\/v2\/media?parent=1266"}],"wp:term":[{"taxonomy":"category","embeddable":true,"href":"https:\/\/www.mormaii.com.br\/site\/wp-json\/wp\/v2\/categories?post=1266"},{"taxonomy":"post_tag","embeddable":true,"href":"https:\/\/www.mormaii.com.br\/site\/wp-json\/wp\/v2\/tags?post=1266"}],"curies":[{"name":"wp","href":"https:\/\/api.w.org\/{rel}","templated":true}]}}