{"id":1308,"date":"2016-04-04T13:33:38","date_gmt":"2016-04-04T16:33:38","guid":{"rendered":"http:\/\/www.mormaii.com.br\/site\/?p=1308"},"modified":"2022-06-10T10:30:03","modified_gmt":"2022-06-10T13:30:03","slug":"noticiaskarol-meyer-em-fernando-de-noronha","status":"publish","type":"post","link":"https:\/\/www.mormaii.com.br\/site\/noticiaskarol-meyer-em-fernando-de-noronha\/","title":{"rendered":"Karol Meyer em Fernando de Noronha"},"content":{"rendered":"<p><\/p>\n<p><a href=\"http:\/\/www.mormaii.com.br\/author\/karolmeyer_\/\" target=\"_blank\" rel=\"noopener\">Karol Meyer<\/a>&nbsp;\u00e9 8 vezes recordista mundial de apneia.<\/p>\n<p>Fernando de Noronha um dos lugares mais majestosos do planeta para o mergulho.<\/p>\n<p>Reuna-os em um encontro profundo e o resultado ser\u00e3o aventuras de tirar o f\u00f4lego.<\/p>\n<p>No v\u00eddeo abaixo, Karol desvendou alguns mist\u00e9rios da Praia do Sancho, eleita entre as mais belas do mundo.<\/p>\n<p>Em suas descidas, encontrou cardumes coloridos, tubar\u00f5es amig\u00e1veis e lindas tartarugas.<\/p>\n<p>Al\u00e9m dela, o cinegrafista Tiago J. Silva tamb\u00e9m mergulhou em apneia, transmitindo ainda mais vida e realidade para as imagens.<\/p>\n<p>Divirta-se!<\/p>\n","protected":false},"excerpt":{"rendered":"<p>Karol Meyer&nbsp;\u00e9 8 vezes recordista mundial de apneia. Fernando de Noronha um dos lugares mais majestosos do planeta para o mergulho. Reuna-os em um encontro profundo e o resultado ser\u00e3o aventuras de tirar o f\u00f4lego. No v\u00eddeo abaixo, Karol desvendou alguns mist\u00e9rios da Praia do Sancho, eleita entre as mais belas do mundo. Em suas [&hellip;]<\/p>\n","protected":false},"author":3,"featured_media":1309,"comment_status":"open","ping_status":"open","sticky":false,"template":"","format":"standard","meta":{"_uag_custom_page_level_css":"","_mi_skip_tracking":false,"footnotes":""},"categories":[40,914,7],"tags":[],"class_list":["post-1308","post","type-post","status-publish","format-standard","has-post-thumbnail","hentry","category-esportes","category-mormaii","category-novidades"],"acf":[],"uagb_featured_image_src":{"full":["https:\/\/www.mormaii.com.br\/site\/wp-content\/uploads\/2017\/06\/817e38d8a97c485da03b.jpg",1600,959,false],"thumbnail":["https:\/\/www.mormaii.com.br\/site\/wp-content\/uploads\/2017\/06\/817e38d8a97c485da03b-150x150.jpg",150,150,true],"medium":["https:\/\/www.mormaii.com.br\/site\/wp-content\/uploads\/2017\/06\/817e38d8a97c485da03b-300x180.jpg",300,180,true],"medium_large":["https:\/\/www.mormaii.com.br\/site\/wp-content\/uploads\/2017\/06\/817e38d8a97c485da03b-768x460.jpg",768,460,true],"large":["https:\/\/www.mormaii.com.br\/site\/wp-content\/uploads\/2017\/06\/817e38d8a97c485da03b-1024x614.jpg",1024,614,true],"1536x1536":["https:\/\/www.mormaii.com.br\/site\/wp-content\/uploads\/2017\/06\/817e38d8a97c485da03b.jpg",1536,921,false],"2048x2048":["https:\/\/www.mormaii.com.br\/site\/wp-content\/uploads\/2017\/06\/817e38d8a97c485da03b.jpg",1600,959,false],"qi_addons_for_elementor_image_size_square":["https:\/\/www.mormaii.com.br\/site\/wp-content\/uploads\/2017\/06\/817e38d8a97c485da03b.jpg",650,390,false],"qi_addons_for_elementor_image_size_landscape":["https:\/\/www.mormaii.com.br\/site\/wp-content\/uploads\/2017\/06\/817e38d8a97c485da03b.jpg",1084,650,false],"qi_addons_for_elementor_image_size_portrait":["https:\/\/www.mormaii.com.br\/site\/wp-content\/uploads\/2017\/06\/817e38d8a97c485da03b.jpg",650,390,false],"qi_addons_for_elementor_image_size_huge-square":["https:\/\/www.mormaii.com.br\/site\/wp-content\/uploads\/2017\/06\/817e38d8a97c485da03b.jpg",1300,779,false]},"uagb_author_info":{"display_name":"mormaii_importer","author_link":"https:\/\/www.mormaii.com.br\/site\/author\/mormaii_importer\/"},"uagb_comment_info":0,"uagb_excerpt":"Karol Meyer&nbsp;\u00e9 8 vezes recordista mundial de apneia. Fernando de Noronha um dos lugares mais majestosos do planeta para o mergulho. Reuna-os em um encontro profundo e o resultado ser\u00e3o aventuras de tirar o f\u00f4lego. No v\u00eddeo abaixo, Karol desvendou alguns mist\u00e9rios da Praia do Sancho, eleita entre as mais belas do mundo. Em suas&hellip;","_links":{"self":[{"href":"https:\/\/www.mormaii.com.br\/site\/wp-json\/wp\/v2\/posts\/1308"}],"collection":[{"href":"https:\/\/www.mormaii.com.br\/site\/wp-json\/wp\/v2\/posts"}],"about":[{"href":"https:\/\/www.mormaii.com.br\/site\/wp-json\/wp\/v2\/types\/post"}],"author":[{"embeddable":true,"href":"https:\/\/www.mormaii.com.br\/site\/wp-json\/wp\/v2\/users\/3"}],"replies":[{"embeddable":true,"href":"https:\/\/www.mormaii.com.br\/site\/wp-json\/wp\/v2\/comments?post=1308"}],"version-history":[{"count":2,"href":"https:\/\/www.mormaii.com.br\/site\/wp-json\/wp\/v2\/posts\/1308\/revisions"}],"predecessor-version":[{"id":57415,"href":"https:\/\/www.mormaii.com.br\/site\/wp-json\/wp\/v2\/posts\/1308\/revisions\/57415"}],"wp:featuredmedia":[{"embeddable":true,"href":"https:\/\/www.mormaii.com.br\/site\/wp-json\/wp\/v2\/media\/1309"}],"wp:attachment":[{"href":"https:\/\/www.mormaii.com.br\/site\/wp-json\/wp\/v2\/media?parent=1308"}],"wp:term":[{"taxonomy":"category","embeddable":true,"href":"https:\/\/www.mormaii.com.br\/site\/wp-json\/wp\/v2\/categories?post=1308"},{"taxonomy":"post_tag","embeddable":true,"href":"https:\/\/www.mormaii.com.br\/site\/wp-json\/wp\/v2\/tags?post=1308"}],"curies":[{"name":"wp","href":"https:\/\/api.w.org\/{rel}","templated":true}]}}