{"id":1362,"date":"2016-04-04T13:33:38","date_gmt":"2016-04-04T13:33:38","guid":{"rendered":"http:\/\/www.mormaii.com.br\/site\/?p=1362"},"modified":"2022-06-10T10:25:34","modified_gmt":"2022-06-10T13:25:34","slug":"noticiasmaya-gabeira-na-familia-mormaii","status":"publish","type":"post","link":"https:\/\/www.mormaii.com.br\/site\/noticiasmaya-gabeira-na-familia-mormaii\/","title":{"rendered":"Maya Gabeira na fam\u00edlia Mormaii"},"content":{"rendered":"<\/p>\n<p>Pele bronzeada, cabelos ao vento e sorriso franco.&nbsp;<a href=\"http:\/\/www.mormaii.com.br\/author\/mayagabeira\/\" target=\"_blank\" rel=\"noopener\">Maya Gabeira<\/a>&nbsp;\u00e9 um \u00edcone do surf brasileiro e mundial.<\/p>\n<p>Come\u00e7ou nas ondas aos 13 anos, influenciada pelos amigos. Amor \u00e0 primeira vista. \u201cMe matriculei na escolinha de surf do Arpoador e nunca mais parei\u201d, afirma a carioca, pentacampe\u00e3 do Big Wave XXL Awards, o \u2018Oscar\u2019 das ondas gigantes.<\/p>\n<p>O fato de ser uma das poucas mulheres em meio aos homens nos dias de mar em f\u00faria \u00e9 algo que, segundo ela, tem suas vantagens e desvantagens. \u201cSou minoria, mas na maioria das vezes sou bem vinda\u201d, garante.<\/p>\n<p>Iniciando uma nova etapa ao lado da Mormaii, Maya almeja as melhores expectativas poss\u00edveis.<\/p>\n<p>\u201cSer\u00e1 uma nova fase na minha carreira. A Mormaii \u00e9 uma empresa que admiro muito, \u00e9 brasileira e investe muito no surf de ondas grandes. Al\u00e9m de ter envolvimento direto na minha sobreviv\u00eancia no epis\u00f3dio em Nazar\u00e9 (Portugal). Afinal, a roupa de borracha feita por eles ajudou a salvar minha vida.\u201d<\/p>\n<p>Atualmente, Maya est\u00e1 no Hawaii, surfando e treinando para iniciar sua nova fase com alto astral e alegria. A surfista, que em breve ter\u00e1 uma linha assinada de wetsuits, \u00f3culos e rel\u00f3gios, em parceria com a Mormaii, aproveita para deixar um recado aos f\u00e3s.<\/p>\n<p>\u201cQuero agradecer sempre! Os f\u00e3s me inspiram e me d\u00e3o for\u00e7a nas horas mais dif\u00edceis. Espero voltar mais forte que antes para continuar dividindo minhas conquistas.\u201d<\/p>\n<p>Bem vinda a nova casa Maya. Surfe, aproveite, divirta-se!<\/p>\n<div id=\"attachment_54580\" class=\"wp-caption aligncenter\"><img loading=\"lazy\" decoding=\"async\" data-fr-image-pasted=\"true\" class=\"size-full wp-image-54580 fr-fin\" title=\"Sinta-se Mormaii\" src=\"http:\/\/images.mormaii.com.br\/wp-content\/uploads\/Mormaii-Maya-3.jpg\" alt=\"Sinta-se Mormaii\" width=\"600\" height=\"400\"><\/div>\n","protected":false},"excerpt":{"rendered":"<p>Pele bronzeada, cabelos ao vento e sorriso franco.&nbsp;Maya Gabeira&nbsp;\u00e9 um \u00edcone do surf brasileiro e mundial. Come\u00e7ou nas ondas aos 13 anos, influenciada pelos amigos. Amor \u00e0 primeira vista. \u201cMe matriculei na escolinha de surf do Arpoador e nunca mais parei\u201d, afirma a carioca, pentacampe\u00e3 do Big Wave XXL Awards, o \u2018Oscar\u2019 das ondas gigantes. [&hellip;]<\/p>\n","protected":false},"author":3,"featured_media":1363,"comment_status":"open","ping_status":"open","sticky":false,"template":"","format":"standard","meta":{"_uag_custom_page_level_css":"","_mi_skip_tracking":false,"footnotes":""},"categories":[914],"tags":[],"class_list":["post-1362","post","type-post","status-publish","format-standard","has-post-thumbnail","hentry","category-mormaii"],"acf":[],"uagb_featured_image_src":{"full":["https:\/\/www.mormaii.com.br\/site\/wp-content\/uploads\/2017\/06\/c0d5c6a6338b811d4c68.jpg",1600,959,false],"thumbnail":["https:\/\/www.mormaii.com.br\/site\/wp-content\/uploads\/2017\/06\/c0d5c6a6338b811d4c68-150x150.jpg",150,150,true],"medium":["https:\/\/www.mormaii.com.br\/site\/wp-content\/uploads\/2017\/06\/c0d5c6a6338b811d4c68-300x180.jpg",300,180,true],"medium_large":["https:\/\/www.mormaii.com.br\/site\/wp-content\/uploads\/2017\/06\/c0d5c6a6338b811d4c68-768x460.jpg",768,460,true],"large":["https:\/\/www.mormaii.com.br\/site\/wp-content\/uploads\/2017\/06\/c0d5c6a6338b811d4c68-1024x614.jpg",1024,614,true],"1536x1536":["https:\/\/www.mormaii.com.br\/site\/wp-content\/uploads\/2017\/06\/c0d5c6a6338b811d4c68.jpg",1536,921,false],"2048x2048":["https:\/\/www.mormaii.com.br\/site\/wp-content\/uploads\/2017\/06\/c0d5c6a6338b811d4c68.jpg",1600,959,false],"qi_addons_for_elementor_image_size_square":["https:\/\/www.mormaii.com.br\/site\/wp-content\/uploads\/2017\/06\/c0d5c6a6338b811d4c68.jpg",650,390,false],"qi_addons_for_elementor_image_size_landscape":["https:\/\/www.mormaii.com.br\/site\/wp-content\/uploads\/2017\/06\/c0d5c6a6338b811d4c68.jpg",1084,650,false],"qi_addons_for_elementor_image_size_portrait":["https:\/\/www.mormaii.com.br\/site\/wp-content\/uploads\/2017\/06\/c0d5c6a6338b811d4c68.jpg",650,390,false],"qi_addons_for_elementor_image_size_huge-square":["https:\/\/www.mormaii.com.br\/site\/wp-content\/uploads\/2017\/06\/c0d5c6a6338b811d4c68.jpg",1300,779,false]},"uagb_author_info":{"display_name":"mormaii_importer","author_link":"https:\/\/www.mormaii.com.br\/site\/author\/mormaii_importer\/"},"uagb_comment_info":0,"uagb_excerpt":"Pele bronzeada, cabelos ao vento e sorriso franco.&nbsp;Maya Gabeira&nbsp;\u00e9 um \u00edcone do surf brasileiro e mundial. Come\u00e7ou nas ondas aos 13 anos, influenciada pelos amigos. Amor \u00e0 primeira vista. \u201cMe matriculei na escolinha de surf do Arpoador e nunca mais parei\u201d, afirma a carioca, pentacampe\u00e3 do Big Wave XXL Awards, o \u2018Oscar\u2019 das ondas gigantes.&hellip;","_links":{"self":[{"href":"https:\/\/www.mormaii.com.br\/site\/wp-json\/wp\/v2\/posts\/1362"}],"collection":[{"href":"https:\/\/www.mormaii.com.br\/site\/wp-json\/wp\/v2\/posts"}],"about":[{"href":"https:\/\/www.mormaii.com.br\/site\/wp-json\/wp\/v2\/types\/post"}],"author":[{"embeddable":true,"href":"https:\/\/www.mormaii.com.br\/site\/wp-json\/wp\/v2\/users\/3"}],"replies":[{"embeddable":true,"href":"https:\/\/www.mormaii.com.br\/site\/wp-json\/wp\/v2\/comments?post=1362"}],"version-history":[{"count":1,"href":"https:\/\/www.mormaii.com.br\/site\/wp-json\/wp\/v2\/posts\/1362\/revisions"}],"predecessor-version":[{"id":57227,"href":"https:\/\/www.mormaii.com.br\/site\/wp-json\/wp\/v2\/posts\/1362\/revisions\/57227"}],"wp:featuredmedia":[{"embeddable":true,"href":"https:\/\/www.mormaii.com.br\/site\/wp-json\/wp\/v2\/media\/1363"}],"wp:attachment":[{"href":"https:\/\/www.mormaii.com.br\/site\/wp-json\/wp\/v2\/media?parent=1362"}],"wp:term":[{"taxonomy":"category","embeddable":true,"href":"https:\/\/www.mormaii.com.br\/site\/wp-json\/wp\/v2\/categories?post=1362"},{"taxonomy":"post_tag","embeddable":true,"href":"https:\/\/www.mormaii.com.br\/site\/wp-json\/wp\/v2\/tags?post=1362"}],"curies":[{"name":"wp","href":"https:\/\/api.w.org\/{rel}","templated":true}]}}