{"id":1368,"date":"2016-04-04T13:33:38","date_gmt":"2016-04-04T13:33:38","guid":{"rendered":"http:\/\/www.mormaii.com.br\/site\/?p=1368"},"modified":"2022-06-10T10:51:10","modified_gmt":"2022-06-10T13:51:10","slug":"noticiasallan-do-carmo-em-ritmo-de-treino","status":"publish","type":"post","link":"https:\/\/www.mormaii.com.br\/site\/noticiasallan-do-carmo-em-ritmo-de-treino\/","title":{"rendered":"Allan do Carmo em ritmo de treino"},"content":{"rendered":"<\/p>\n<p><a href=\"http:\/\/www.mormaii.com.br\/author\/alandocarmo\/\" target=\"_blank\" rel=\"noopener\">Allan do Carmo<\/a>&nbsp;n\u00e3o descansa, pelo contr\u00e1rio, segue firme seu ritmo de treinos.<\/p>\n<p>Claro que, como todo bom baiano, ele aprecia a m\u00fasica da sua terra e, para descontrair no calor do ver\u00e3o brasileiro, postou um v\u00eddeo mostrando um pouco da sua prepara\u00e7\u00e3o, ao som de Carlinhos Brown.<\/p>\n<p>Esse ser\u00e1 um ano decisivo para o nadador, que em 2014 conquistou absolutamente tudo que disputou, sagrando-se campe\u00e3o mundial, sul-americano e brasileiro de maratonas aqu\u00e1ticas.<\/p>\n<p>Allan ainda foi escolhido pela FINA como o melhor nadador de \u00e1guas abertas do mundo.<\/p>\n<p>Nessa temporada, ele tem a importante miss\u00e3o de garantir a vaga ol\u00edmpica, afinal, para o nadador, estar nas Olimp\u00edadas do Rio de Janeiro, em 2016, \u00e9 um sonho a ser realizado.<\/p>\n<p>No que depender do ritmo de treinos, a vaga est\u00e1 cada dia mais pr\u00f3xima.<\/p>\n","protected":false},"excerpt":{"rendered":"<p>Allan do Carmo&nbsp;n\u00e3o descansa, pelo contr\u00e1rio, segue firme seu ritmo de treinos. Claro que, como todo bom baiano, ele aprecia a m\u00fasica da sua terra e, para descontrair no calor do ver\u00e3o brasileiro, postou um v\u00eddeo mostrando um pouco da sua prepara\u00e7\u00e3o, ao som de Carlinhos Brown. Esse ser\u00e1 um ano decisivo para o nadador, [&hellip;]<\/p>\n","protected":false},"author":3,"featured_media":1369,"comment_status":"open","ping_status":"open","sticky":false,"template":"","format":"standard","meta":{"_uag_custom_page_level_css":"","_mi_skip_tracking":false,"footnotes":""},"categories":[914],"tags":[],"class_list":["post-1368","post","type-post","status-publish","format-standard","has-post-thumbnail","hentry","category-mormaii"],"acf":[],"uagb_featured_image_src":{"full":["https:\/\/www.mormaii.com.br\/site\/wp-content\/uploads\/2017\/06\/4d7ad760e67cc548f94a.jpg",1600,959,false],"thumbnail":["https:\/\/www.mormaii.com.br\/site\/wp-content\/uploads\/2017\/06\/4d7ad760e67cc548f94a-150x150.jpg",150,150,true],"medium":["https:\/\/www.mormaii.com.br\/site\/wp-content\/uploads\/2017\/06\/4d7ad760e67cc548f94a-300x180.jpg",300,180,true],"medium_large":["https:\/\/www.mormaii.com.br\/site\/wp-content\/uploads\/2017\/06\/4d7ad760e67cc548f94a-768x460.jpg",768,460,true],"large":["https:\/\/www.mormaii.com.br\/site\/wp-content\/uploads\/2017\/06\/4d7ad760e67cc548f94a-1024x614.jpg",1024,614,true],"1536x1536":["https:\/\/www.mormaii.com.br\/site\/wp-content\/uploads\/2017\/06\/4d7ad760e67cc548f94a.jpg",1536,921,false],"2048x2048":["https:\/\/www.mormaii.com.br\/site\/wp-content\/uploads\/2017\/06\/4d7ad760e67cc548f94a.jpg",1600,959,false],"qi_addons_for_elementor_image_size_square":["https:\/\/www.mormaii.com.br\/site\/wp-content\/uploads\/2017\/06\/4d7ad760e67cc548f94a.jpg",650,390,false],"qi_addons_for_elementor_image_size_landscape":["https:\/\/www.mormaii.com.br\/site\/wp-content\/uploads\/2017\/06\/4d7ad760e67cc548f94a.jpg",1084,650,false],"qi_addons_for_elementor_image_size_portrait":["https:\/\/www.mormaii.com.br\/site\/wp-content\/uploads\/2017\/06\/4d7ad760e67cc548f94a.jpg",650,390,false],"qi_addons_for_elementor_image_size_huge-square":["https:\/\/www.mormaii.com.br\/site\/wp-content\/uploads\/2017\/06\/4d7ad760e67cc548f94a.jpg",1300,779,false]},"uagb_author_info":{"display_name":"mormaii_importer","author_link":"https:\/\/www.mormaii.com.br\/site\/author\/mormaii_importer\/"},"uagb_comment_info":0,"uagb_excerpt":"Allan do Carmo&nbsp;n\u00e3o descansa, pelo contr\u00e1rio, segue firme seu ritmo de treinos. Claro que, como todo bom baiano, ele aprecia a m\u00fasica da sua terra e, para descontrair no calor do ver\u00e3o brasileiro, postou um v\u00eddeo mostrando um pouco da sua prepara\u00e7\u00e3o, ao som de Carlinhos Brown. Esse ser\u00e1 um ano decisivo para o nadador,&hellip;","_links":{"self":[{"href":"https:\/\/www.mormaii.com.br\/site\/wp-json\/wp\/v2\/posts\/1368"}],"collection":[{"href":"https:\/\/www.mormaii.com.br\/site\/wp-json\/wp\/v2\/posts"}],"about":[{"href":"https:\/\/www.mormaii.com.br\/site\/wp-json\/wp\/v2\/types\/post"}],"author":[{"embeddable":true,"href":"https:\/\/www.mormaii.com.br\/site\/wp-json\/wp\/v2\/users\/3"}],"replies":[{"embeddable":true,"href":"https:\/\/www.mormaii.com.br\/site\/wp-json\/wp\/v2\/comments?post=1368"}],"version-history":[{"count":1,"href":"https:\/\/www.mormaii.com.br\/site\/wp-json\/wp\/v2\/posts\/1368\/revisions"}],"predecessor-version":[{"id":58287,"href":"https:\/\/www.mormaii.com.br\/site\/wp-json\/wp\/v2\/posts\/1368\/revisions\/58287"}],"wp:featuredmedia":[{"embeddable":true,"href":"https:\/\/www.mormaii.com.br\/site\/wp-json\/wp\/v2\/media\/1369"}],"wp:attachment":[{"href":"https:\/\/www.mormaii.com.br\/site\/wp-json\/wp\/v2\/media?parent=1368"}],"wp:term":[{"taxonomy":"category","embeddable":true,"href":"https:\/\/www.mormaii.com.br\/site\/wp-json\/wp\/v2\/categories?post=1368"},{"taxonomy":"post_tag","embeddable":true,"href":"https:\/\/www.mormaii.com.br\/site\/wp-json\/wp\/v2\/tags?post=1368"}],"curies":[{"name":"wp","href":"https:\/\/api.w.org\/{rel}","templated":true}]}}