{"id":1378,"date":"2016-04-04T13:33:38","date_gmt":"2016-04-04T13:33:38","guid":{"rendered":"http:\/\/www.mormaii.com.br\/site\/?p=1378"},"modified":"2022-06-10T10:48:32","modified_gmt":"2022-06-10T13:48:32","slug":"noticiasblog-de-moda-or-use-jeans-tambem-no-verao","status":"publish","type":"post","link":"https:\/\/www.mormaii.com.br\/site\/noticiasblog-de-moda-or-use-jeans-tambem-no-verao\/","title":{"rendered":"Blog de Moda | Use jeans tamb\u00e9m no ver\u00e3o"},"content":{"rendered":"<p>H\u00e1 quem tenha muito preconceito com cal\u00e7as jeans nos dias quentes, mas a gente mostra que existem mil e uma maneiras de abusar da pe\u00e7a mais tradicional do seu guarda-roupa.<\/p>\n<p><strong>Jeans + Regata ampla<\/strong><br \/>O combo \u00e9 supertradicional, mas h\u00e1 quem inove a produ\u00e7\u00e3oo com plataformas de tirar o f\u00f4lego! Se a cal\u00e7a for skinny, ponto extra para produ\u00e7\u00e3o, que deixa a silhueta alongada e ultra feminina. O look \u00e9 perfeito para escrit\u00f3rios e ambientes descontra\u00eddos.<\/p>\n<p><strong>Jeans + T-shirt<\/strong><br \/>B\u00e1sico sim, cansativo nunca! T-shirts de tecidos leves e de modelagem soltinha garantem um visual cool e v\u00e3o bem com rasteiras, que refrescam ainda mais o look. Opte por lavagens claras para proporcionar ainda mais leveza ao visual.<\/p>\n<p><strong>Jeans + Bata de al\u00e7a<\/strong><br \/>Se a ideia \u00e9 um look constru\u00eddo, opte pelo hi-lo das rendas+couro. As batas s\u00e3o \u00f3timas op\u00e7\u00f5es quando usadas com um salto fino poderoso, deixam qualquer visual leve e delicado. Para quebrar o romantismo, aposte em cintos de couro, que podem ser bem pesados e escuros.<\/p>\n<p>E a\u00ed, que tal encontrar um visual perfeito pra voc\u00ea?<a href=\"http:\/\/www.mormaii.com.br\/\">&nbsp;Clique aqui<\/a>&nbsp;e confira no Mormaii Shop.<\/p>\n<p><em>Renata Moreira<br \/>Sou jornalista, e escrevo sobre moda e tend\u00eancias h\u00e1 cerca de sete anos. Tenho forma\u00e7\u00e3o em Fashion Business na LIM College de Nova Iorque e adoro moda. Mas se quiser me encontrar, v\u00e1 at\u00e9 a beira da praia, meu lugar preferido! Segue l\u00e1 no instagram @remoreiraa<\/em><\/p>\n","protected":false},"excerpt":{"rendered":"<p>H\u00e1 quem tenha muito preconceito com cal\u00e7as jeans nos dias quentes, mas a gente mostra que existem mil e uma maneiras de abusar da pe\u00e7a mais tradicional do seu guarda-roupa. Jeans + Regata amplaO combo \u00e9 supertradicional, mas h\u00e1 quem inove a produ\u00e7\u00e3oo com plataformas de tirar o f\u00f4lego! Se a cal\u00e7a for skinny, ponto [&hellip;]<\/p>\n","protected":false},"author":3,"featured_media":1379,"comment_status":"open","ping_status":"open","sticky":false,"template":"","format":"standard","meta":{"_uag_custom_page_level_css":"","_mi_skip_tracking":false,"footnotes":""},"categories":[914],"tags":[],"class_list":["post-1378","post","type-post","status-publish","format-standard","has-post-thumbnail","hentry","category-mormaii"],"acf":[],"uagb_featured_image_src":{"full":["https:\/\/www.mormaii.com.br\/site\/wp-content\/uploads\/2017\/06\/d7e7ad85f3f547b2d89c.jpg",1600,959,false],"thumbnail":["https:\/\/www.mormaii.com.br\/site\/wp-content\/uploads\/2017\/06\/d7e7ad85f3f547b2d89c-150x150.jpg",150,150,true],"medium":["https:\/\/www.mormaii.com.br\/site\/wp-content\/uploads\/2017\/06\/d7e7ad85f3f547b2d89c-300x180.jpg",300,180,true],"medium_large":["https:\/\/www.mormaii.com.br\/site\/wp-content\/uploads\/2017\/06\/d7e7ad85f3f547b2d89c-768x460.jpg",768,460,true],"large":["https:\/\/www.mormaii.com.br\/site\/wp-content\/uploads\/2017\/06\/d7e7ad85f3f547b2d89c-1024x614.jpg",1024,614,true],"1536x1536":["https:\/\/www.mormaii.com.br\/site\/wp-content\/uploads\/2017\/06\/d7e7ad85f3f547b2d89c.jpg",1536,921,false],"2048x2048":["https:\/\/www.mormaii.com.br\/site\/wp-content\/uploads\/2017\/06\/d7e7ad85f3f547b2d89c.jpg",1600,959,false],"qi_addons_for_elementor_image_size_square":["https:\/\/www.mormaii.com.br\/site\/wp-content\/uploads\/2017\/06\/d7e7ad85f3f547b2d89c.jpg",650,390,false],"qi_addons_for_elementor_image_size_landscape":["https:\/\/www.mormaii.com.br\/site\/wp-content\/uploads\/2017\/06\/d7e7ad85f3f547b2d89c.jpg",1084,650,false],"qi_addons_for_elementor_image_size_portrait":["https:\/\/www.mormaii.com.br\/site\/wp-content\/uploads\/2017\/06\/d7e7ad85f3f547b2d89c.jpg",650,390,false],"qi_addons_for_elementor_image_size_huge-square":["https:\/\/www.mormaii.com.br\/site\/wp-content\/uploads\/2017\/06\/d7e7ad85f3f547b2d89c.jpg",1300,779,false]},"uagb_author_info":{"display_name":"mormaii_importer","author_link":"https:\/\/www.mormaii.com.br\/site\/author\/mormaii_importer\/"},"uagb_comment_info":0,"uagb_excerpt":"H\u00e1 quem tenha muito preconceito com cal\u00e7as jeans nos dias quentes, mas a gente mostra que existem mil e uma maneiras de abusar da pe\u00e7a mais tradicional do seu guarda-roupa. Jeans + Regata amplaO combo \u00e9 supertradicional, mas h\u00e1 quem inove a produ\u00e7\u00e3oo com plataformas de tirar o f\u00f4lego! Se a cal\u00e7a for skinny, ponto&hellip;","_links":{"self":[{"href":"https:\/\/www.mormaii.com.br\/site\/wp-json\/wp\/v2\/posts\/1378"}],"collection":[{"href":"https:\/\/www.mormaii.com.br\/site\/wp-json\/wp\/v2\/posts"}],"about":[{"href":"https:\/\/www.mormaii.com.br\/site\/wp-json\/wp\/v2\/types\/post"}],"author":[{"embeddable":true,"href":"https:\/\/www.mormaii.com.br\/site\/wp-json\/wp\/v2\/users\/3"}],"replies":[{"embeddable":true,"href":"https:\/\/www.mormaii.com.br\/site\/wp-json\/wp\/v2\/comments?post=1378"}],"version-history":[{"count":1,"href":"https:\/\/www.mormaii.com.br\/site\/wp-json\/wp\/v2\/posts\/1378\/revisions"}],"predecessor-version":[{"id":58148,"href":"https:\/\/www.mormaii.com.br\/site\/wp-json\/wp\/v2\/posts\/1378\/revisions\/58148"}],"wp:featuredmedia":[{"embeddable":true,"href":"https:\/\/www.mormaii.com.br\/site\/wp-json\/wp\/v2\/media\/1379"}],"wp:attachment":[{"href":"https:\/\/www.mormaii.com.br\/site\/wp-json\/wp\/v2\/media?parent=1378"}],"wp:term":[{"taxonomy":"category","embeddable":true,"href":"https:\/\/www.mormaii.com.br\/site\/wp-json\/wp\/v2\/categories?post=1378"},{"taxonomy":"post_tag","embeddable":true,"href":"https:\/\/www.mormaii.com.br\/site\/wp-json\/wp\/v2\/tags?post=1378"}],"curies":[{"name":"wp","href":"https:\/\/api.w.org\/{rel}","templated":true}]}}