{"id":1472,"date":"2016-04-04T13:33:38","date_gmt":"2016-04-04T13:33:38","guid":{"rendered":"http:\/\/www.mormaii.com.br\/site\/?p=1472"},"modified":"2022-06-10T10:40:22","modified_gmt":"2022-06-10T13:40:22","slug":"noticiascarnaval-2015","status":"publish","type":"post","link":"https:\/\/www.mormaii.com.br\/site\/noticiascarnaval-2015\/","title":{"rendered":"Carnaval 2015"},"content":{"rendered":"<\/p>\n<p>Quando pensamos em Carnaval no contexto popular brasileiro, logo nos vem \u00e0 mente aquele esp\u00edrito de CURTI\u00c7\u00c3O, associado a quatro dias inteiros de festa com direito ao quinto \u2013 mais conhecido como \u201centerro dos ossos\u201d.<br \/>Mas porque n\u00e3o \u201centerrar\u201d um pouco esse conceito e mudar a vibe do pr\u00f3ximo feriado que est\u00e1 chegando?<br \/>A gente entra com as dicas pra quem est\u00e1 com vontade de fugir da folia!<\/p>\n<p>&#8211; Se voc\u00ea curte acampar, que tal trocar aquele barulho das marchinhas pelo som da natureza?<\/p>\n<p>&#8211; Se voc\u00ea curte ir pra praia, que tal trocar aquela festa lotada no clube por um luau s\u00f3 com os seus amigos \u00e0 beira-mar?<\/p>\n<p>&#8211; Se voc\u00ea curte praticar esportes ao ar livre, que tal trocar aquela agita\u00e7\u00e3o atr\u00e1s do trio el\u00e9trico por um rol\u00ea mais tranquilo de bike ou skate?<\/p>\n<p>&#8211; Se voc\u00ea curte ficar em casa, que tal trocar aquelas fantasias super produzidas pelas roupas mais confort\u00e1veis que voc\u00ea tiver e aproveitar pra relaxar total?<\/p>\n<p>Enfim: que tal mudar um pouco esse padr\u00e3o foli\u00e3o todo?<br \/>Independente de como voc\u00ea vai curtir o seu Carnaval, n\u00f3s da Mormaii apoiamos o bloco dos que fogem dos paradigmas e curtem o feriado de um jeito diferente. E melhor: do seu pr\u00f3prio jeito!<br \/>Por isso, escolha a sua forma de curti\u00e7\u00e3o e aproveite!<\/p>\n<p><\/p>\n","protected":false},"excerpt":{"rendered":"<p>Quando pensamos em Carnaval no contexto popular brasileiro, logo nos vem \u00e0 mente aquele esp\u00edrito de CURTI\u00c7\u00c3O, associado a quatro dias inteiros de festa com direito ao quinto \u2013 mais conhecido como \u201centerro dos ossos\u201d.Mas porque n\u00e3o \u201centerrar\u201d um pouco esse conceito e mudar a vibe do pr\u00f3ximo feriado que est\u00e1 chegando?A gente entra com [&hellip;]<\/p>\n","protected":false},"author":3,"featured_media":1473,"comment_status":"open","ping_status":"open","sticky":false,"template":"","format":"standard","meta":{"_uag_custom_page_level_css":"","_mi_skip_tracking":false,"footnotes":""},"categories":[914],"tags":[],"class_list":["post-1472","post","type-post","status-publish","format-standard","has-post-thumbnail","hentry","category-mormaii"],"acf":[],"uagb_featured_image_src":{"full":["https:\/\/www.mormaii.com.br\/site\/wp-content\/uploads\/2017\/06\/87d6766271f563ecbcfc.jpg",1600,959,false],"thumbnail":["https:\/\/www.mormaii.com.br\/site\/wp-content\/uploads\/2017\/06\/87d6766271f563ecbcfc.jpg",150,90,false],"medium":["https:\/\/www.mormaii.com.br\/site\/wp-content\/uploads\/2017\/06\/87d6766271f563ecbcfc.jpg",300,180,false],"medium_large":["https:\/\/www.mormaii.com.br\/site\/wp-content\/uploads\/2017\/06\/87d6766271f563ecbcfc.jpg",768,460,false],"large":["https:\/\/www.mormaii.com.br\/site\/wp-content\/uploads\/2017\/06\/87d6766271f563ecbcfc.jpg",1024,614,false],"1536x1536":["https:\/\/www.mormaii.com.br\/site\/wp-content\/uploads\/2017\/06\/87d6766271f563ecbcfc.jpg",1536,921,false],"2048x2048":["https:\/\/www.mormaii.com.br\/site\/wp-content\/uploads\/2017\/06\/87d6766271f563ecbcfc.jpg",1600,959,false],"qi_addons_for_elementor_image_size_square":["https:\/\/www.mormaii.com.br\/site\/wp-content\/uploads\/2017\/06\/87d6766271f563ecbcfc.jpg",650,390,false],"qi_addons_for_elementor_image_size_landscape":["https:\/\/www.mormaii.com.br\/site\/wp-content\/uploads\/2017\/06\/87d6766271f563ecbcfc.jpg",1084,650,false],"qi_addons_for_elementor_image_size_portrait":["https:\/\/www.mormaii.com.br\/site\/wp-content\/uploads\/2017\/06\/87d6766271f563ecbcfc.jpg",650,390,false],"qi_addons_for_elementor_image_size_huge-square":["https:\/\/www.mormaii.com.br\/site\/wp-content\/uploads\/2017\/06\/87d6766271f563ecbcfc.jpg",1300,779,false]},"uagb_author_info":{"display_name":"mormaii_importer","author_link":"https:\/\/www.mormaii.com.br\/site\/author\/mormaii_importer\/"},"uagb_comment_info":0,"uagb_excerpt":"Quando pensamos em Carnaval no contexto popular brasileiro, logo nos vem \u00e0 mente aquele esp\u00edrito de CURTI\u00c7\u00c3O, associado a quatro dias inteiros de festa com direito ao quinto \u2013 mais conhecido como \u201centerro dos ossos\u201d.Mas porque n\u00e3o \u201centerrar\u201d um pouco esse conceito e mudar a vibe do pr\u00f3ximo feriado que est\u00e1 chegando?A gente entra com&hellip;","_links":{"self":[{"href":"https:\/\/www.mormaii.com.br\/site\/wp-json\/wp\/v2\/posts\/1472"}],"collection":[{"href":"https:\/\/www.mormaii.com.br\/site\/wp-json\/wp\/v2\/posts"}],"about":[{"href":"https:\/\/www.mormaii.com.br\/site\/wp-json\/wp\/v2\/types\/post"}],"author":[{"embeddable":true,"href":"https:\/\/www.mormaii.com.br\/site\/wp-json\/wp\/v2\/users\/3"}],"replies":[{"embeddable":true,"href":"https:\/\/www.mormaii.com.br\/site\/wp-json\/wp\/v2\/comments?post=1472"}],"version-history":[{"count":1,"href":"https:\/\/www.mormaii.com.br\/site\/wp-json\/wp\/v2\/posts\/1472\/revisions"}],"predecessor-version":[{"id":57737,"href":"https:\/\/www.mormaii.com.br\/site\/wp-json\/wp\/v2\/posts\/1472\/revisions\/57737"}],"wp:featuredmedia":[{"embeddable":true,"href":"https:\/\/www.mormaii.com.br\/site\/wp-json\/wp\/v2\/media\/1473"}],"wp:attachment":[{"href":"https:\/\/www.mormaii.com.br\/site\/wp-json\/wp\/v2\/media?parent=1472"}],"wp:term":[{"taxonomy":"category","embeddable":true,"href":"https:\/\/www.mormaii.com.br\/site\/wp-json\/wp\/v2\/categories?post=1472"},{"taxonomy":"post_tag","embeddable":true,"href":"https:\/\/www.mormaii.com.br\/site\/wp-json\/wp\/v2\/tags?post=1472"}],"curies":[{"name":"wp","href":"https:\/\/api.w.org\/{rel}","templated":true}]}}