{"id":1474,"date":"2016-04-04T13:33:38","date_gmt":"2016-04-04T13:33:38","guid":{"rendered":"http:\/\/www.mormaii.com.br\/site\/?p=1474"},"modified":"2022-06-10T10:51:09","modified_gmt":"2022-06-10T13:51:09","slug":"noticiasallan-do-carmo-retorna-ao-circuito-mundial","status":"publish","type":"post","link":"https:\/\/www.mormaii.com.br\/site\/noticiasallan-do-carmo-retorna-ao-circuito-mundial\/","title":{"rendered":"Allan do Carmo retorna ao circuito mundial"},"content":{"rendered":"<\/p>\n<p>Foram apenas 30 dias de treinamento para iniciar a temporada 2015.<\/p>\n<p>A desvantagem em rela\u00e7\u00e3o aos concorrentes, principalmente os europeus, que est\u00e3o em meio de temporada, n\u00e3o foi empecilho para o nadador baiano&nbsp;<a href=\"http:\/\/www.mormaii.com.br\/author\/alandocarmo\/\" target=\"_blank\" rel=\"noopener\">Allan do Carmo<\/a>.<\/p>\n<p>Na tarde desse s\u00e1bado (07\/02), na primeira prova do ano, ele conquistou o segundo lugar na etapa de estreia do Circuito Mundial de Maratonas Aqu\u00e1ticas, em Viedma, na Argentina.<\/p>\n<p>\u201cEstou muito feliz com o resultado. Foi uma prova dif\u00edcil, principalmente pelo ritmo. Tive que tirar f\u00e9rias enquanto a maioria dos advers\u00e1rios estavam nadando em alto ritmo. Important\u00edssimo subir no p\u00f3dio para perceber que o trabalho est\u00e1 sendo bem feito e que 2015 promete\u201d, comemorou Allan do Carmo, que defende o t\u00edtulo do circuito.<\/p>\n<p>As dificuldades da prova foram destacadas pelo treinador Rog\u00e9rio Arapiraca. \u201cMuito boa prova de Allan. Essa \u00e9 uma etapa que requer muitas estrat\u00e9gias por parte de todos os atletas e t\u00e9cnicos. N\u00f3s optamos por resguardar Allan nas duas primeiras voltas e nadar com for\u00e7a total nas duas \u00faltimas. Chegamos a liderar a prova, mas n\u00e3o conseguimos manter o ritmo at\u00e9 o final. Natural para quem est\u00e1 treinando s\u00f3 h\u00e1 trinta dias. Foi um excelente resultado, de fato\u201d, explica.<\/p>\n<p>Allan retorna para Salvador no pr\u00f3ximo dia 10 e no dia seguinte j\u00e1 viaja com a sele\u00e7\u00e3o brasileira para o Colorado, nos Estados Unidos, onde ficar\u00e3o at\u00e9 o dia 03 de mar\u00e7o em treinamentos espec\u00edficos de altitude.<\/p>\n<p>A pr\u00f3xima prova que Allan do Carmo vai disputar \u00e9 a segunda etapa do Circuito Mundial de Maratonas Aqu\u00e1ticas, que acontecer\u00e1 no dia 13 de abril, em Abu Dhabi, nos Emirados \u00c1rabes.<\/p>\n","protected":false},"excerpt":{"rendered":"<p>Foram apenas 30 dias de treinamento para iniciar a temporada 2015. A desvantagem em rela\u00e7\u00e3o aos concorrentes, principalmente os europeus, que est\u00e3o em meio de temporada, n\u00e3o foi empecilho para o nadador baiano&nbsp;Allan do Carmo. Na tarde desse s\u00e1bado (07\/02), na primeira prova do ano, ele conquistou o segundo lugar na etapa de estreia do [&hellip;]<\/p>\n","protected":false},"author":3,"featured_media":1475,"comment_status":"open","ping_status":"open","sticky":false,"template":"","format":"standard","meta":{"_uag_custom_page_level_css":"","_mi_skip_tracking":false,"footnotes":""},"categories":[914],"tags":[],"class_list":["post-1474","post","type-post","status-publish","format-standard","has-post-thumbnail","hentry","category-mormaii"],"acf":[],"uagb_featured_image_src":{"full":["https:\/\/www.mormaii.com.br\/site\/wp-content\/uploads\/2017\/06\/eee9eaad346a26adb55b.jpg",1600,959,false],"thumbnail":["https:\/\/www.mormaii.com.br\/site\/wp-content\/uploads\/2017\/06\/eee9eaad346a26adb55b.jpg",150,90,false],"medium":["https:\/\/www.mormaii.com.br\/site\/wp-content\/uploads\/2017\/06\/eee9eaad346a26adb55b.jpg",300,180,false],"medium_large":["https:\/\/www.mormaii.com.br\/site\/wp-content\/uploads\/2017\/06\/eee9eaad346a26adb55b.jpg",768,460,false],"large":["https:\/\/www.mormaii.com.br\/site\/wp-content\/uploads\/2017\/06\/eee9eaad346a26adb55b.jpg",1024,614,false],"1536x1536":["https:\/\/www.mormaii.com.br\/site\/wp-content\/uploads\/2017\/06\/eee9eaad346a26adb55b.jpg",1536,921,false],"2048x2048":["https:\/\/www.mormaii.com.br\/site\/wp-content\/uploads\/2017\/06\/eee9eaad346a26adb55b.jpg",1600,959,false],"qi_addons_for_elementor_image_size_square":["https:\/\/www.mormaii.com.br\/site\/wp-content\/uploads\/2017\/06\/eee9eaad346a26adb55b.jpg",650,390,false],"qi_addons_for_elementor_image_size_landscape":["https:\/\/www.mormaii.com.br\/site\/wp-content\/uploads\/2017\/06\/eee9eaad346a26adb55b.jpg",1084,650,false],"qi_addons_for_elementor_image_size_portrait":["https:\/\/www.mormaii.com.br\/site\/wp-content\/uploads\/2017\/06\/eee9eaad346a26adb55b.jpg",650,390,false],"qi_addons_for_elementor_image_size_huge-square":["https:\/\/www.mormaii.com.br\/site\/wp-content\/uploads\/2017\/06\/eee9eaad346a26adb55b.jpg",1300,779,false]},"uagb_author_info":{"display_name":"mormaii_importer","author_link":"https:\/\/www.mormaii.com.br\/site\/author\/mormaii_importer\/"},"uagb_comment_info":0,"uagb_excerpt":"Foram apenas 30 dias de treinamento para iniciar a temporada 2015. A desvantagem em rela\u00e7\u00e3o aos concorrentes, principalmente os europeus, que est\u00e3o em meio de temporada, n\u00e3o foi empecilho para o nadador baiano&nbsp;Allan do Carmo. Na tarde desse s\u00e1bado (07\/02), na primeira prova do ano, ele conquistou o segundo lugar na etapa de estreia do&hellip;","_links":{"self":[{"href":"https:\/\/www.mormaii.com.br\/site\/wp-json\/wp\/v2\/posts\/1474"}],"collection":[{"href":"https:\/\/www.mormaii.com.br\/site\/wp-json\/wp\/v2\/posts"}],"about":[{"href":"https:\/\/www.mormaii.com.br\/site\/wp-json\/wp\/v2\/types\/post"}],"author":[{"embeddable":true,"href":"https:\/\/www.mormaii.com.br\/site\/wp-json\/wp\/v2\/users\/3"}],"replies":[{"embeddable":true,"href":"https:\/\/www.mormaii.com.br\/site\/wp-json\/wp\/v2\/comments?post=1474"}],"version-history":[{"count":1,"href":"https:\/\/www.mormaii.com.br\/site\/wp-json\/wp\/v2\/posts\/1474\/revisions"}],"predecessor-version":[{"id":58282,"href":"https:\/\/www.mormaii.com.br\/site\/wp-json\/wp\/v2\/posts\/1474\/revisions\/58282"}],"wp:featuredmedia":[{"embeddable":true,"href":"https:\/\/www.mormaii.com.br\/site\/wp-json\/wp\/v2\/media\/1475"}],"wp:attachment":[{"href":"https:\/\/www.mormaii.com.br\/site\/wp-json\/wp\/v2\/media?parent=1474"}],"wp:term":[{"taxonomy":"category","embeddable":true,"href":"https:\/\/www.mormaii.com.br\/site\/wp-json\/wp\/v2\/categories?post=1474"},{"taxonomy":"post_tag","embeddable":true,"href":"https:\/\/www.mormaii.com.br\/site\/wp-json\/wp\/v2\/tags?post=1474"}],"curies":[{"name":"wp","href":"https:\/\/api.w.org\/{rel}","templated":true}]}}