{"id":1584,"date":"2016-04-04T13:33:38","date_gmt":"2016-04-04T13:33:38","guid":{"rendered":"http:\/\/www.mormaii.com.br\/site\/?p=1584"},"modified":"2022-06-10T10:20:26","modified_gmt":"2022-06-10T13:20:26","slug":"noticiaso-reencontro-com-o-voo-livre-nos-ceus-de-santa-catarina","status":"publish","type":"post","link":"https:\/\/www.mormaii.com.br\/site\/noticiaso-reencontro-com-o-voo-livre-nos-ceus-de-santa-catarina\/","title":{"rendered":"O reencontro com o voo livre nos ce\u00fas de Santa Catarina."},"content":{"rendered":"<div>Ap\u00f3s 30 anos, as pernas de Gerson Vignoli Perrenoud &#8211; o &#8220;Pil\u00e3o&#8221; &#8211; atual Diretor Geral de Marketing da Mormaii, voltaram a ser o seu trem de pouso e decolagem pelos ce\u00fas do sul do Brasil. No \u00faltimo domingo, 1\u00ba de mar\u00e7o, ele retomou a sua hist\u00f3ria com a avia\u00e7\u00e3o livre e voou de asa delta em Santo Amaro da Imperatriz\/Santa Catarina, depois de 3 d\u00e9cadas dedicadas \u00e0 avia\u00e7\u00e3o com motor.&nbsp;<\/p>\n<\/div>\n<div>O dia estava incr\u00edvel, o vento estava generoso e a emo\u00e7\u00e3o de voltar ao voo livre estava nas alturas, literalmente:<\/div>\n<div>&#8220;As pessoas me perguntaram qual foi a sensa\u00e7\u00e3o de estar voando livremente de novo, usando as pr\u00f3prias pernas para decolar e pousar, depois de 30 anos. Eu nem sei dizer direito. S\u00f3 sei que foi indescrit\u00edvel!&#8221;, disse Pil\u00e3o.<\/div>\n<p><\/p>\n<div>Sobre a carreira na avia\u00e7\u00e3o:<\/div>\n<div>Pil\u00e3o come\u00e7ou sua carreira na avia\u00e7\u00e3o voando de asa delta em Sapiranga\/Rio Grande do Sul, no final dos anos 70. Ap\u00f3s se mudar para o Hava\u00ed e tamb\u00e9m voar por l\u00e1 durante um tempo, ele voltou para o sul do Brasil e trocou o voo livre pela avia\u00e7\u00e3o com motor, come\u00e7ando com ultra-leve e sendo instrutor na sua pr\u00f3rpia escola de avia\u00e7\u00e3o. Do ultra-leve, passou a voar de planador, avi\u00e3o, foi piloto de shows a\u00e9reos e chegou a levar motoplanador para os Estados Unidos &#8211; voando no Super Ximango.&nbsp; <\/p>\n<\/div>\n<div>Hoje, est\u00e1 de volta \u00e0 asa delta. E a gente deseja que as horas de voo livre s\u00f3 aumentem daqui pra frente! <\/div>\n<p><\/p>\n","protected":false},"excerpt":{"rendered":"<p>Ap\u00f3s 30 anos, as pernas de Gerson Vignoli Perrenoud &#8211; o &#8220;Pil\u00e3o&#8221; &#8211; atual Diretor Geral de Marketing da Mormaii, voltaram a ser o seu trem de pouso e decolagem pelos ce\u00fas do sul do Brasil. No \u00faltimo domingo, 1\u00ba de mar\u00e7o, ele retomou a sua hist\u00f3ria com a avia\u00e7\u00e3o livre e voou de asa [&hellip;]<\/p>\n","protected":false},"author":3,"featured_media":1585,"comment_status":"open","ping_status":"open","sticky":false,"template":"","format":"standard","meta":{"_uag_custom_page_level_css":"","_mi_skip_tracking":false,"footnotes":""},"categories":[914],"tags":[],"class_list":["post-1584","post","type-post","status-publish","format-standard","has-post-thumbnail","hentry","category-mormaii"],"acf":[],"uagb_featured_image_src":{"full":["https:\/\/www.mormaii.com.br\/site\/wp-content\/uploads\/2017\/06\/9dfb79da2d6313e959eb.jpg",1600,959,false],"thumbnail":["https:\/\/www.mormaii.com.br\/site\/wp-content\/uploads\/2017\/06\/9dfb79da2d6313e959eb-150x150.jpg",150,150,true],"medium":["https:\/\/www.mormaii.com.br\/site\/wp-content\/uploads\/2017\/06\/9dfb79da2d6313e959eb-300x180.jpg",300,180,true],"medium_large":["https:\/\/www.mormaii.com.br\/site\/wp-content\/uploads\/2017\/06\/9dfb79da2d6313e959eb-768x460.jpg",768,460,true],"large":["https:\/\/www.mormaii.com.br\/site\/wp-content\/uploads\/2017\/06\/9dfb79da2d6313e959eb-1024x614.jpg",1024,614,true],"1536x1536":["https:\/\/www.mormaii.com.br\/site\/wp-content\/uploads\/2017\/06\/9dfb79da2d6313e959eb.jpg",1536,921,false],"2048x2048":["https:\/\/www.mormaii.com.br\/site\/wp-content\/uploads\/2017\/06\/9dfb79da2d6313e959eb.jpg",1600,959,false],"qi_addons_for_elementor_image_size_square":["https:\/\/www.mormaii.com.br\/site\/wp-content\/uploads\/2017\/06\/9dfb79da2d6313e959eb.jpg",650,390,false],"qi_addons_for_elementor_image_size_landscape":["https:\/\/www.mormaii.com.br\/site\/wp-content\/uploads\/2017\/06\/9dfb79da2d6313e959eb.jpg",1084,650,false],"qi_addons_for_elementor_image_size_portrait":["https:\/\/www.mormaii.com.br\/site\/wp-content\/uploads\/2017\/06\/9dfb79da2d6313e959eb.jpg",650,390,false],"qi_addons_for_elementor_image_size_huge-square":["https:\/\/www.mormaii.com.br\/site\/wp-content\/uploads\/2017\/06\/9dfb79da2d6313e959eb.jpg",1300,779,false]},"uagb_author_info":{"display_name":"mormaii_importer","author_link":"https:\/\/www.mormaii.com.br\/site\/author\/mormaii_importer\/"},"uagb_comment_info":0,"uagb_excerpt":"Ap\u00f3s 30 anos, as pernas de Gerson Vignoli Perrenoud &#8211; o &#8220;Pil\u00e3o&#8221; &#8211; atual Diretor Geral de Marketing da Mormaii, voltaram a ser o seu trem de pouso e decolagem pelos ce\u00fas do sul do Brasil. No \u00faltimo domingo, 1\u00ba de mar\u00e7o, ele retomou a sua hist\u00f3ria com a avia\u00e7\u00e3o livre e voou de asa&hellip;","_links":{"self":[{"href":"https:\/\/www.mormaii.com.br\/site\/wp-json\/wp\/v2\/posts\/1584"}],"collection":[{"href":"https:\/\/www.mormaii.com.br\/site\/wp-json\/wp\/v2\/posts"}],"about":[{"href":"https:\/\/www.mormaii.com.br\/site\/wp-json\/wp\/v2\/types\/post"}],"author":[{"embeddable":true,"href":"https:\/\/www.mormaii.com.br\/site\/wp-json\/wp\/v2\/users\/3"}],"replies":[{"embeddable":true,"href":"https:\/\/www.mormaii.com.br\/site\/wp-json\/wp\/v2\/comments?post=1584"}],"version-history":[{"count":1,"href":"https:\/\/www.mormaii.com.br\/site\/wp-json\/wp\/v2\/posts\/1584\/revisions"}],"predecessor-version":[{"id":57109,"href":"https:\/\/www.mormaii.com.br\/site\/wp-json\/wp\/v2\/posts\/1584\/revisions\/57109"}],"wp:featuredmedia":[{"embeddable":true,"href":"https:\/\/www.mormaii.com.br\/site\/wp-json\/wp\/v2\/media\/1585"}],"wp:attachment":[{"href":"https:\/\/www.mormaii.com.br\/site\/wp-json\/wp\/v2\/media?parent=1584"}],"wp:term":[{"taxonomy":"category","embeddable":true,"href":"https:\/\/www.mormaii.com.br\/site\/wp-json\/wp\/v2\/categories?post=1584"},{"taxonomy":"post_tag","embeddable":true,"href":"https:\/\/www.mormaii.com.br\/site\/wp-json\/wp\/v2\/tags?post=1584"}],"curies":[{"name":"wp","href":"https:\/\/api.w.org\/{rel}","templated":true}]}}