{"id":1640,"date":"2016-04-04T13:33:38","date_gmt":"2016-04-04T13:33:38","guid":{"rendered":"http:\/\/www.mormaii.com.br\/site\/?p=1640"},"modified":"2022-06-10T10:51:10","modified_gmt":"2022-06-10T13:51:10","slug":"noticiasallan-do-carmo-lidera-circuito-mundial-de-maratonas-aquaticas","status":"publish","type":"post","link":"https:\/\/www.mormaii.com.br\/site\/noticiasallan-do-carmo-lidera-circuito-mundial-de-maratonas-aquaticas\/","title":{"rendered":"Allan do Carmo lidera Circuito Mundial de Maratonas Aqu\u00e1ticas"},"content":{"rendered":"<p><\/p>\n<p>A s\u00e9tima coloca\u00e7\u00e3o conquistada na manh\u00e3 dessa sexta-deira&nbsp;(13\/03), na etapa de Abu Dhabi, nos Emirados \u00c1rabes, garantiu ao nadador baiano Allan do Carmo a lideran\u00e7a do Circuito Mundial de Maratonas Aqu\u00e1ticas.<\/p>\n<p>Atual campe\u00e3o, Allan destacou que esse \u00e9 s\u00f3 o come\u00e7o de um ano bastante promissor e cheio de dificuldades. \u201cA prova de hoje foi um exemplo do que vamos encontrar no decorrer da temporada. Foi tudo muito intenso desde a largada. Feliz por chegar entre os oito e garantir a lideran\u00e7a, mas ainda falta muita coisa pra atingirmos o que consideramos como ideal\u201d, enfatiza o atleta.<\/p>\n<p>Entre as dificuldades encontradas na prova, o desgaste f\u00edsico foi o que mais pesou. \u201cEstou apenas na minha segunda prova na temporada e vindo de uma sequ\u00eancia de viagens bem pesada. Em um intervalo de 40 dias, estivemos na Argentina, pra disputar a primeira etapa do circuito; depois fomos para os Estados Unidos, onde ficamos 21 dias treinando em altitude; voltamos para o Brasil e viemos para Abu Dhabi. Essa sequ\u00eancia e o ritmo intenso da prova pesaram um pouco no final, mas, o resultado foi positivo\u201d, pontua.<\/p>\n<p>Allan do Carmo volta a competir pelo Circuito Mundial no dia 2 de maio, em Cancun, no M\u00e9xico. Ser\u00e1 a seletiva para o Mundial de Kazan, na R\u00fassia. \u201cPreciso ir bem em Cancun, garantir a vaga no Mundial de Kazan e buscar a vaga ol\u00edmpica. Um passo de cada vez. Vamos trabalhar\u2019, declara&nbsp;o atual campe\u00e3o mundial.<\/p>\n<p>[Foto: Divulga\u00e7\u00e3o]<\/p>\n<p><\/p>\n","protected":false},"excerpt":{"rendered":"<p>A s\u00e9tima coloca\u00e7\u00e3o conquistada na manh\u00e3 dessa sexta-deira&nbsp;(13\/03), na etapa de Abu Dhabi, nos Emirados \u00c1rabes, garantiu ao nadador baiano Allan do Carmo a lideran\u00e7a do Circuito Mundial de Maratonas Aqu\u00e1ticas. Atual campe\u00e3o, Allan destacou que esse \u00e9 s\u00f3 o come\u00e7o de um ano bastante promissor e cheio de dificuldades. \u201cA prova de hoje foi [&hellip;]<\/p>\n","protected":false},"author":3,"featured_media":1641,"comment_status":"open","ping_status":"open","sticky":false,"template":"","format":"standard","meta":{"_uag_custom_page_level_css":"","_mi_skip_tracking":false,"footnotes":""},"categories":[914],"tags":[],"class_list":["post-1640","post","type-post","status-publish","format-standard","has-post-thumbnail","hentry","category-mormaii"],"acf":[],"uagb_featured_image_src":{"full":["https:\/\/www.mormaii.com.br\/site\/wp-content\/uploads\/2017\/06\/2b5e59fc0518654de093.jpg",1600,959,false],"thumbnail":["https:\/\/www.mormaii.com.br\/site\/wp-content\/uploads\/2017\/06\/2b5e59fc0518654de093-150x150.jpg",150,150,true],"medium":["https:\/\/www.mormaii.com.br\/site\/wp-content\/uploads\/2017\/06\/2b5e59fc0518654de093-300x180.jpg",300,180,true],"medium_large":["https:\/\/www.mormaii.com.br\/site\/wp-content\/uploads\/2017\/06\/2b5e59fc0518654de093-768x460.jpg",768,460,true],"large":["https:\/\/www.mormaii.com.br\/site\/wp-content\/uploads\/2017\/06\/2b5e59fc0518654de093-1024x614.jpg",1024,614,true],"1536x1536":["https:\/\/www.mormaii.com.br\/site\/wp-content\/uploads\/2017\/06\/2b5e59fc0518654de093.jpg",1536,921,false],"2048x2048":["https:\/\/www.mormaii.com.br\/site\/wp-content\/uploads\/2017\/06\/2b5e59fc0518654de093.jpg",1600,959,false],"qi_addons_for_elementor_image_size_square":["https:\/\/www.mormaii.com.br\/site\/wp-content\/uploads\/2017\/06\/2b5e59fc0518654de093.jpg",650,390,false],"qi_addons_for_elementor_image_size_landscape":["https:\/\/www.mormaii.com.br\/site\/wp-content\/uploads\/2017\/06\/2b5e59fc0518654de093.jpg",1084,650,false],"qi_addons_for_elementor_image_size_portrait":["https:\/\/www.mormaii.com.br\/site\/wp-content\/uploads\/2017\/06\/2b5e59fc0518654de093.jpg",650,390,false],"qi_addons_for_elementor_image_size_huge-square":["https:\/\/www.mormaii.com.br\/site\/wp-content\/uploads\/2017\/06\/2b5e59fc0518654de093.jpg",1300,779,false]},"uagb_author_info":{"display_name":"mormaii_importer","author_link":"https:\/\/www.mormaii.com.br\/site\/author\/mormaii_importer\/"},"uagb_comment_info":0,"uagb_excerpt":"A s\u00e9tima coloca\u00e7\u00e3o conquistada na manh\u00e3 dessa sexta-deira&nbsp;(13\/03), na etapa de Abu Dhabi, nos Emirados \u00c1rabes, garantiu ao nadador baiano Allan do Carmo a lideran\u00e7a do Circuito Mundial de Maratonas Aqu\u00e1ticas. Atual campe\u00e3o, Allan destacou que esse \u00e9 s\u00f3 o come\u00e7o de um ano bastante promissor e cheio de dificuldades. \u201cA prova de hoje foi&hellip;","_links":{"self":[{"href":"https:\/\/www.mormaii.com.br\/site\/wp-json\/wp\/v2\/posts\/1640"}],"collection":[{"href":"https:\/\/www.mormaii.com.br\/site\/wp-json\/wp\/v2\/posts"}],"about":[{"href":"https:\/\/www.mormaii.com.br\/site\/wp-json\/wp\/v2\/types\/post"}],"author":[{"embeddable":true,"href":"https:\/\/www.mormaii.com.br\/site\/wp-json\/wp\/v2\/users\/3"}],"replies":[{"embeddable":true,"href":"https:\/\/www.mormaii.com.br\/site\/wp-json\/wp\/v2\/comments?post=1640"}],"version-history":[{"count":1,"href":"https:\/\/www.mormaii.com.br\/site\/wp-json\/wp\/v2\/posts\/1640\/revisions"}],"predecessor-version":[{"id":58284,"href":"https:\/\/www.mormaii.com.br\/site\/wp-json\/wp\/v2\/posts\/1640\/revisions\/58284"}],"wp:featuredmedia":[{"embeddable":true,"href":"https:\/\/www.mormaii.com.br\/site\/wp-json\/wp\/v2\/media\/1641"}],"wp:attachment":[{"href":"https:\/\/www.mormaii.com.br\/site\/wp-json\/wp\/v2\/media?parent=1640"}],"wp:term":[{"taxonomy":"category","embeddable":true,"href":"https:\/\/www.mormaii.com.br\/site\/wp-json\/wp\/v2\/categories?post=1640"},{"taxonomy":"post_tag","embeddable":true,"href":"https:\/\/www.mormaii.com.br\/site\/wp-json\/wp\/v2\/tags?post=1640"}],"curies":[{"name":"wp","href":"https:\/\/api.w.org\/{rel}","templated":true}]}}