{"id":1648,"date":"2016-04-04T13:33:38","date_gmt":"2016-04-04T13:33:38","guid":{"rendered":"http:\/\/www.mormaii.com.br\/site\/?p=1648"},"modified":"2022-06-10T10:48:51","modified_gmt":"2022-06-10T13:48:51","slug":"noticiasblog-de-moda-or-fringes-on","status":"publish","type":"post","link":"https:\/\/www.mormaii.com.br\/site\/noticiasblog-de-moda-or-fringes-on\/","title":{"rendered":"Blog de moda | Fringes On!"},"content":{"rendered":"<p>O mood setentista tomou conta das principais tend\u00eancias da temporada passada e continua para o inverno de 2015. Nas passarelas internacionais, as franjas foram superdestacadas e desejadas \u2013 se elas j\u00e1 estavam com tudo na temporada passada, prepare-se, elas v\u00e3o dominar o seu look .<\/p>\n<p>Algumas personalidades, j\u00e1 abusam das produ\u00e7\u00f5es franjadas, em looks que funcionam muito bem em ambientes de trabalho ou lazer, sem aderir \u00e0 caracteriza\u00e7\u00e3o folk, western ou melindrosa (ambos estilos que j\u00e1 abusaram da moda fringes). Para apostar sem medo de errar, equilibre a pe\u00e7a franjada com outras mais neutras.<\/p>\n<p>E a\u00ed, quem est\u00e1 pronta para produzir um look franjado?<\/p>\n","protected":false},"excerpt":{"rendered":"<p>O mood setentista tomou conta das principais tend\u00eancias da temporada passada e continua para o inverno de 2015. Nas passarelas internacionais, as franjas foram superdestacadas e desejadas \u2013 se elas j\u00e1 estavam com tudo na temporada passada, prepare-se, elas v\u00e3o dominar o seu look . Algumas personalidades, j\u00e1 abusam das produ\u00e7\u00f5es franjadas, em looks que [&hellip;]<\/p>\n","protected":false},"author":3,"featured_media":1649,"comment_status":"open","ping_status":"open","sticky":false,"template":"","format":"standard","meta":{"_uag_custom_page_level_css":"","_mi_skip_tracking":false,"footnotes":""},"categories":[914],"tags":[],"class_list":["post-1648","post","type-post","status-publish","format-standard","has-post-thumbnail","hentry","category-mormaii"],"acf":[],"uagb_featured_image_src":{"full":["https:\/\/www.mormaii.com.br\/site\/wp-content\/uploads\/2017\/06\/11ccaf692e8c3c5057e1.jpg",1600,959,false],"thumbnail":["https:\/\/www.mormaii.com.br\/site\/wp-content\/uploads\/2017\/06\/11ccaf692e8c3c5057e1-150x150.jpg",150,150,true],"medium":["https:\/\/www.mormaii.com.br\/site\/wp-content\/uploads\/2017\/06\/11ccaf692e8c3c5057e1-300x180.jpg",300,180,true],"medium_large":["https:\/\/www.mormaii.com.br\/site\/wp-content\/uploads\/2017\/06\/11ccaf692e8c3c5057e1-768x460.jpg",768,460,true],"large":["https:\/\/www.mormaii.com.br\/site\/wp-content\/uploads\/2017\/06\/11ccaf692e8c3c5057e1-1024x614.jpg",1024,614,true],"1536x1536":["https:\/\/www.mormaii.com.br\/site\/wp-content\/uploads\/2017\/06\/11ccaf692e8c3c5057e1.jpg",1536,921,false],"2048x2048":["https:\/\/www.mormaii.com.br\/site\/wp-content\/uploads\/2017\/06\/11ccaf692e8c3c5057e1.jpg",1600,959,false],"qi_addons_for_elementor_image_size_square":["https:\/\/www.mormaii.com.br\/site\/wp-content\/uploads\/2017\/06\/11ccaf692e8c3c5057e1.jpg",650,390,false],"qi_addons_for_elementor_image_size_landscape":["https:\/\/www.mormaii.com.br\/site\/wp-content\/uploads\/2017\/06\/11ccaf692e8c3c5057e1.jpg",1084,650,false],"qi_addons_for_elementor_image_size_portrait":["https:\/\/www.mormaii.com.br\/site\/wp-content\/uploads\/2017\/06\/11ccaf692e8c3c5057e1.jpg",650,390,false],"qi_addons_for_elementor_image_size_huge-square":["https:\/\/www.mormaii.com.br\/site\/wp-content\/uploads\/2017\/06\/11ccaf692e8c3c5057e1.jpg",1300,779,false]},"uagb_author_info":{"display_name":"mormaii_importer","author_link":"https:\/\/www.mormaii.com.br\/site\/author\/mormaii_importer\/"},"uagb_comment_info":0,"uagb_excerpt":"O mood setentista tomou conta das principais tend\u00eancias da temporada passada e continua para o inverno de 2015. Nas passarelas internacionais, as franjas foram superdestacadas e desejadas \u2013 se elas j\u00e1 estavam com tudo na temporada passada, prepare-se, elas v\u00e3o dominar o seu look . Algumas personalidades, j\u00e1 abusam das produ\u00e7\u00f5es franjadas, em looks que&hellip;","_links":{"self":[{"href":"https:\/\/www.mormaii.com.br\/site\/wp-json\/wp\/v2\/posts\/1648"}],"collection":[{"href":"https:\/\/www.mormaii.com.br\/site\/wp-json\/wp\/v2\/posts"}],"about":[{"href":"https:\/\/www.mormaii.com.br\/site\/wp-json\/wp\/v2\/types\/post"}],"author":[{"embeddable":true,"href":"https:\/\/www.mormaii.com.br\/site\/wp-json\/wp\/v2\/users\/3"}],"replies":[{"embeddable":true,"href":"https:\/\/www.mormaii.com.br\/site\/wp-json\/wp\/v2\/comments?post=1648"}],"version-history":[{"count":1,"href":"https:\/\/www.mormaii.com.br\/site\/wp-json\/wp\/v2\/posts\/1648\/revisions"}],"predecessor-version":[{"id":58170,"href":"https:\/\/www.mormaii.com.br\/site\/wp-json\/wp\/v2\/posts\/1648\/revisions\/58170"}],"wp:featuredmedia":[{"embeddable":true,"href":"https:\/\/www.mormaii.com.br\/site\/wp-json\/wp\/v2\/media\/1649"}],"wp:attachment":[{"href":"https:\/\/www.mormaii.com.br\/site\/wp-json\/wp\/v2\/media?parent=1648"}],"wp:term":[{"taxonomy":"category","embeddable":true,"href":"https:\/\/www.mormaii.com.br\/site\/wp-json\/wp\/v2\/categories?post=1648"},{"taxonomy":"post_tag","embeddable":true,"href":"https:\/\/www.mormaii.com.br\/site\/wp-json\/wp\/v2\/tags?post=1648"}],"curies":[{"name":"wp","href":"https:\/\/api.w.org\/{rel}","templated":true}]}}