{"id":1672,"date":"2016-04-04T13:33:38","date_gmt":"2016-04-04T13:33:38","guid":{"rendered":"http:\/\/www.mormaii.com.br\/site\/?p=1672"},"modified":"2022-06-10T10:46:02","modified_gmt":"2022-06-10T13:46:02","slug":"noticiasblog-desenho-humano-o-potencial-do-ser-de-9-centros","status":"publish","type":"post","link":"https:\/\/www.mormaii.com.br\/site\/noticiasblog-desenho-humano-o-potencial-do-ser-de-9-centros\/","title":{"rendered":"Blog Desenho humano: O potencial do ser de 9 centros"},"content":{"rendered":"<p>Ci\u00eancia emp\u00edrica para Autoconhecimento, o potencial do ser de 9 centros: centro da cabe\u00e7a, a inspira\u00e7\u00e3o para pensar ou n\u00e3o.      <\/p>\n<p>Vamos come\u00e7ar a olhar, de forma bem resumida, para o potencial do Ser de 9 Centros focando Centro por Centro nas pr\u00f3ximas 9 semanas. Vou come\u00e7ar hoje pelo Centro da Cabe\u00e7a.<\/p>\n<p>De acordo com o conhecimento do Desenho Humano, nosso processo mental, quando n\u00e3o estamos dormindo, est\u00e1 sempre envolvido com uma press\u00e3o ininterrupta para ter inspira\u00e7\u00e3o para pensar de forma consistente ou n\u00e3o. Esta inspira\u00e7\u00e3o para pensar tem a possibilidade de realizar-se atrav\u00e9s de 3 caminhos consistentes ou n\u00e3o: o processo L\u00f3gico (d\u00favida, suspeita mental), que \u00e9 o combust\u00edvel para a pergunta\/reposta\/pergunta que busca o <i>entender <\/i>das coisas; o processo Abstrato (confus\u00e3o mental que busca clareza), que \u00e9 a press\u00e3o para <i>fazer sentido do passado<\/i>; e o processo da press\u00e3o para saber as coisas , uma press\u00e3o para <i>saber <\/i>o incognosc\u00edvel. O Centro da Cabe\u00e7a \u00e9 somente sobre a press\u00e3o para pensar, a consci\u00eancia mental vai se dar no Centro Ajna, que \u00e9 o centro abaixo do centro da Cabe\u00e7a. Vamos olhar para o Centro Ajna na semana que vem.<\/p>\n<p>Atrav\u00e9s do seu desenho humano pessoal podes reconhecer qual \u00e9 a sua configura\u00e7\u00e3o mental, digo, como seu processo mental funciona de acordo com sua mec\u00e2nica gen\u00e9tica \u00fanica. Por exemplo, eu tenho o Centro da Cabe\u00e7a definido (colorido) em meu desenho na parte do processo L\u00f3gico (canal 63\/4), isso quer dizer que, de forma consistente, minha mente est\u00e1 sempre sob press\u00e3o para <i>entender <\/i>as coisas atrav\u00e9s de perguntas\/respostas\/perguntas constantemente! Quando eu ouvi isso pela primeira vez, na an\u00e1lise do meu desenho com um analista profissional da \u00e1rea, foi como um divisor de \u00e1guas em minha vida, pois naquele momento eu reconheci minha natureza \u00fanica mental e iniciei um processo de descondicionamento de parar de lutar contra isso! At\u00e9 aquele momento eu tinha estado tentando &#8220;curar&#8221; este fluxo mental intenso que eu vivia todos os dias de forma intensa e achava que n\u00e3o era normal, que era at\u00e9 um problema toda esta atividade mental! E na verdade toda esta atividade mental \u00e9 justamente o que eu tenho para contribuir para a humanidade de forma \u00fanica! Mentalmente, hoje sei que, estou aqui para ajudar os outros a ENTENDEREM as coisas, por isso, quimicamente, carrego toda esta press\u00e3o mental desde que nasci e vou carrega-la at\u00e9 o meu \u00faltimo suspiro. N\u00e3o temos outra escolha a n\u00e3o ser sermos n\u00f3s mesmos!<\/p>\n<p>Para reconheceres como funciona o seu processo de inspira\u00e7\u00e3o para pensar, se ele se realiza de forma consistente (quando o Centro da Cabe\u00e7a em seu desenho humano pessoal se mostra definido\/colorido) ou se se realiza de forma inconsistente (quando se mostra n\u00e3o-definido\/em branco no seu desenho) fa\u00e7a seu desenho humano pessoal gratuito no link <a href=\"http:\/\/www.desenhohumanobrasil.com.br\/chartgratuito\" rel=\"nofollow noopener\" target=\"_blank\">www.desenhohumanobrasil.com.br\/chartgratuito <\/a>e para realizar a leitura do seu desenho consulte um profissional da \u00e1rea.<\/p>\n<p>Autoconhecimento \u00e9 t\u00e3o importante quanto saber ler e escrever!<\/p>\n<p>  Para obter uma leitura do seu desenho humano pessoal entre em contato com um analista profissional de Desenho Humano <a target=\"_blank\" rel=\"nofollow noopener\" href=\"%22http%3A\/\/www.desenhohumanobrasil.com.br\/recem-chegados\/analisedesenho\">clique aqui<\/a> e conhe\u00e7a.<\/p>\n","protected":false},"excerpt":{"rendered":"<p>Ci\u00eancia emp\u00edrica para Autoconhecimento, o potencial do ser de 9 centros: centro da cabe\u00e7a, a inspira\u00e7\u00e3o para pensar ou n\u00e3o. Vamos come\u00e7ar a olhar, de forma bem resumida, para o potencial do Ser de 9 Centros focando Centro por Centro nas pr\u00f3ximas 9 semanas. Vou come\u00e7ar hoje pelo Centro da Cabe\u00e7a. De acordo com o [&hellip;]<\/p>\n","protected":false},"author":3,"featured_media":1673,"comment_status":"open","ping_status":"open","sticky":false,"template":"","format":"standard","meta":{"_uag_custom_page_level_css":"","_mi_skip_tracking":false,"footnotes":""},"categories":[914],"tags":[],"class_list":["post-1672","post","type-post","status-publish","format-standard","has-post-thumbnail","hentry","category-mormaii"],"acf":[],"uagb_featured_image_src":{"full":["https:\/\/www.mormaii.com.br\/site\/wp-content\/uploads\/2017\/06\/63f8dc782038dd793f06.jpg",1600,959,false],"thumbnail":["https:\/\/www.mormaii.com.br\/site\/wp-content\/uploads\/2017\/06\/63f8dc782038dd793f06-150x150.jpg",150,150,true],"medium":["https:\/\/www.mormaii.com.br\/site\/wp-content\/uploads\/2017\/06\/63f8dc782038dd793f06-300x180.jpg",300,180,true],"medium_large":["https:\/\/www.mormaii.com.br\/site\/wp-content\/uploads\/2017\/06\/63f8dc782038dd793f06-768x460.jpg",768,460,true],"large":["https:\/\/www.mormaii.com.br\/site\/wp-content\/uploads\/2017\/06\/63f8dc782038dd793f06-1024x614.jpg",1024,614,true],"1536x1536":["https:\/\/www.mormaii.com.br\/site\/wp-content\/uploads\/2017\/06\/63f8dc782038dd793f06.jpg",1536,921,false],"2048x2048":["https:\/\/www.mormaii.com.br\/site\/wp-content\/uploads\/2017\/06\/63f8dc782038dd793f06.jpg",1600,959,false],"qi_addons_for_elementor_image_size_square":["https:\/\/www.mormaii.com.br\/site\/wp-content\/uploads\/2017\/06\/63f8dc782038dd793f06.jpg",650,390,false],"qi_addons_for_elementor_image_size_landscape":["https:\/\/www.mormaii.com.br\/site\/wp-content\/uploads\/2017\/06\/63f8dc782038dd793f06.jpg",1084,650,false],"qi_addons_for_elementor_image_size_portrait":["https:\/\/www.mormaii.com.br\/site\/wp-content\/uploads\/2017\/06\/63f8dc782038dd793f06.jpg",650,390,false],"qi_addons_for_elementor_image_size_huge-square":["https:\/\/www.mormaii.com.br\/site\/wp-content\/uploads\/2017\/06\/63f8dc782038dd793f06.jpg",1300,779,false]},"uagb_author_info":{"display_name":"mormaii_importer","author_link":"https:\/\/www.mormaii.com.br\/site\/author\/mormaii_importer\/"},"uagb_comment_info":0,"uagb_excerpt":"Ci\u00eancia emp\u00edrica para Autoconhecimento, o potencial do ser de 9 centros: centro da cabe\u00e7a, a inspira\u00e7\u00e3o para pensar ou n\u00e3o. Vamos come\u00e7ar a olhar, de forma bem resumida, para o potencial do Ser de 9 Centros focando Centro por Centro nas pr\u00f3ximas 9 semanas. Vou come\u00e7ar hoje pelo Centro da Cabe\u00e7a. De acordo com o&hellip;","_links":{"self":[{"href":"https:\/\/www.mormaii.com.br\/site\/wp-json\/wp\/v2\/posts\/1672"}],"collection":[{"href":"https:\/\/www.mormaii.com.br\/site\/wp-json\/wp\/v2\/posts"}],"about":[{"href":"https:\/\/www.mormaii.com.br\/site\/wp-json\/wp\/v2\/types\/post"}],"author":[{"embeddable":true,"href":"https:\/\/www.mormaii.com.br\/site\/wp-json\/wp\/v2\/users\/3"}],"replies":[{"embeddable":true,"href":"https:\/\/www.mormaii.com.br\/site\/wp-json\/wp\/v2\/comments?post=1672"}],"version-history":[{"count":1,"href":"https:\/\/www.mormaii.com.br\/site\/wp-json\/wp\/v2\/posts\/1672\/revisions"}],"predecessor-version":[{"id":58038,"href":"https:\/\/www.mormaii.com.br\/site\/wp-json\/wp\/v2\/posts\/1672\/revisions\/58038"}],"wp:featuredmedia":[{"embeddable":true,"href":"https:\/\/www.mormaii.com.br\/site\/wp-json\/wp\/v2\/media\/1673"}],"wp:attachment":[{"href":"https:\/\/www.mormaii.com.br\/site\/wp-json\/wp\/v2\/media?parent=1672"}],"wp:term":[{"taxonomy":"category","embeddable":true,"href":"https:\/\/www.mormaii.com.br\/site\/wp-json\/wp\/v2\/categories?post=1672"},{"taxonomy":"post_tag","embeddable":true,"href":"https:\/\/www.mormaii.com.br\/site\/wp-json\/wp\/v2\/tags?post=1672"}],"curies":[{"name":"wp","href":"https:\/\/api.w.org\/{rel}","templated":true}]}}