{"id":1734,"date":"2016-04-04T13:33:38","date_gmt":"2016-04-04T13:33:38","guid":{"rendered":"http:\/\/www.mormaii.com.br\/site\/?p=1734"},"modified":"2022-06-10T10:29:13","modified_gmt":"2022-06-10T13:29:13","slug":"noticiasleo-de-deus-e-o-numero-1-do-mundo","status":"publish","type":"post","link":"https:\/\/www.mormaii.com.br\/site\/noticiasleo-de-deus-e-o-numero-1-do-mundo\/","title":{"rendered":"Leo de Deus \u00e9 o n\u00famero 1 do mundo"},"content":{"rendered":"<p>Nessa quinta-feira (10\/04), durante o&nbsp;Trof\u00e9u Maria Lenk, no Rio de Janeiro, Leonardo de Deus nadou os 200m borboleta em&nbsp;1m55s19, levou o ouro e assumiu a primeira coloca\u00e7\u00e3o do ranking de 2015 da Federa\u00e7\u00e3o Internacional de Nata\u00e7\u00e3o (Fina).&nbsp;<\/p>\n<p class=\"p1\">A marca tamb\u00e9m garantiu a vaga para o Mundial de Kazan, em agosto. &#8220;Fico muito feliz. Um ano e meio antes das Olimp\u00edadas, pertinho do Pan e do Mundial, estar com o primeiro tempo do mundo me d\u00e1 uma motiva\u00e7\u00e3o muito maior para buscar o bicampeonato pan-americano e a medalha em Kazan&#8221;, afirma.<\/p>\n<p class=\"p6\"><span class=\"s2\">\u00danico atleta a superar o \u00edndice exigido pela Confedera\u00e7\u00e3o Brasileira de Desportos Aqu\u00e1ticos (CBDA) para o Mundial de Kazan nos 200m borboleta, Leonardo tamb\u00e9m deve estar na sele\u00e7\u00e3o brasileira para os Jogos Pan-Americanos de Toronto, em julho. Os convocados ser\u00e3o divulgados pela CBDA em maio e a defini\u00e7\u00e3o ser\u00e1 feita com base no \u00edndice t\u00e9cnico das seletivas &#8211; Trof\u00e9u Maria Lenk e Torneio Open.<\/span><\/p>\n<p class=\"p7\">Segundo o nadador, a marca, at\u00e9 hoje a melhor de sua carreira,&nbsp;\u00e9 resultado de um treinamento espec\u00edfico&nbsp;que ele vem desenvolvendo. &#8220;Estou fazendo um trabalho diferenciado com um fisiologista e&nbsp;um trabalho de biomec\u00e2nica, s\u00f3 com a parte t\u00e9cnica. Treino de manh\u00e3 e&nbsp;\u00e0 tarde s\u00f3 fazendo isso&#8221;, comenta.<\/p>\n<p class=\"p6\">Al\u00e9m dos 200m borboleta, L\u00e9o de Deus ainda disputar\u00e1&nbsp;o t\u00edtulo dos 400m livre, prova na qual j\u00e1 tem o \u00edndice exigido pela CBDA para o Mundial de Kazan&nbsp;e&nbsp;os 200m costas. Fique ligado para mais novidades do campe\u00e3o.<\/p>\n<p class=\"p6\">Parab\u00e9ns ao Leo e toda equipe LD Sports!<\/p>\n<p class=\"p6\">[Foto: Satiro Sodr\u00e9 \/ SSPress]<\/p>\n","protected":false},"excerpt":{"rendered":"<p>Nessa quinta-feira (10\/04), durante o&nbsp;Trof\u00e9u Maria Lenk, no Rio de Janeiro, Leonardo de Deus nadou os 200m borboleta em&nbsp;1m55s19, levou o ouro e assumiu a primeira coloca\u00e7\u00e3o do ranking de 2015 da Federa\u00e7\u00e3o Internacional de Nata\u00e7\u00e3o (Fina).&nbsp; A marca tamb\u00e9m garantiu a vaga para o Mundial de Kazan, em agosto. &#8220;Fico muito feliz. Um ano [&hellip;]<\/p>\n","protected":false},"author":3,"featured_media":0,"comment_status":"open","ping_status":"open","sticky":false,"template":"","format":"standard","meta":{"_uag_custom_page_level_css":"","_mi_skip_tracking":false,"footnotes":""},"categories":[914],"tags":[],"class_list":["post-1734","post","type-post","status-publish","format-standard","hentry","category-mormaii"],"acf":[],"uagb_featured_image_src":{"full":false,"thumbnail":false,"medium":false,"medium_large":false,"large":false,"1536x1536":false,"2048x2048":false,"qi_addons_for_elementor_image_size_square":false,"qi_addons_for_elementor_image_size_landscape":false,"qi_addons_for_elementor_image_size_portrait":false,"qi_addons_for_elementor_image_size_huge-square":false},"uagb_author_info":{"display_name":"mormaii_importer","author_link":"https:\/\/www.mormaii.com.br\/site\/author\/mormaii_importer\/"},"uagb_comment_info":0,"uagb_excerpt":"Nessa quinta-feira (10\/04), durante o&nbsp;Trof\u00e9u Maria Lenk, no Rio de Janeiro, Leonardo de Deus nadou os 200m borboleta em&nbsp;1m55s19, levou o ouro e assumiu a primeira coloca\u00e7\u00e3o do ranking de 2015 da Federa\u00e7\u00e3o Internacional de Nata\u00e7\u00e3o (Fina).&nbsp; A marca tamb\u00e9m garantiu a vaga para o Mundial de Kazan, em agosto. &#8220;Fico muito feliz. Um ano&hellip;","_links":{"self":[{"href":"https:\/\/www.mormaii.com.br\/site\/wp-json\/wp\/v2\/posts\/1734"}],"collection":[{"href":"https:\/\/www.mormaii.com.br\/site\/wp-json\/wp\/v2\/posts"}],"about":[{"href":"https:\/\/www.mormaii.com.br\/site\/wp-json\/wp\/v2\/types\/post"}],"author":[{"embeddable":true,"href":"https:\/\/www.mormaii.com.br\/site\/wp-json\/wp\/v2\/users\/3"}],"replies":[{"embeddable":true,"href":"https:\/\/www.mormaii.com.br\/site\/wp-json\/wp\/v2\/comments?post=1734"}],"version-history":[{"count":1,"href":"https:\/\/www.mormaii.com.br\/site\/wp-json\/wp\/v2\/posts\/1734\/revisions"}],"predecessor-version":[{"id":57366,"href":"https:\/\/www.mormaii.com.br\/site\/wp-json\/wp\/v2\/posts\/1734\/revisions\/57366"}],"wp:attachment":[{"href":"https:\/\/www.mormaii.com.br\/site\/wp-json\/wp\/v2\/media?parent=1734"}],"wp:term":[{"taxonomy":"category","embeddable":true,"href":"https:\/\/www.mormaii.com.br\/site\/wp-json\/wp\/v2\/categories?post=1734"},{"taxonomy":"post_tag","embeddable":true,"href":"https:\/\/www.mormaii.com.br\/site\/wp-json\/wp\/v2\/tags?post=1734"}],"curies":[{"name":"wp","href":"https:\/\/api.w.org\/{rel}","templated":true}]}}