{"id":1763,"date":"2016-04-04T13:33:38","date_gmt":"2016-04-04T13:33:38","guid":{"rendered":"http:\/\/www.mormaii.com.br\/site\/?p=1763"},"modified":"2022-06-10T10:51:09","modified_gmt":"2022-06-10T13:51:09","slug":"noticiasallan-do-carmo-vence-2a-etapa-do-brasileiro-de-natacao","status":"publish","type":"post","link":"https:\/\/www.mormaii.com.br\/site\/noticiasallan-do-carmo-vence-2a-etapa-do-brasileiro-de-natacao\/","title":{"rendered":"Allan do Carmo vence 2\u00aa etapa do Brasileiro de Nata\u00e7\u00e3o"},"content":{"rendered":"<p>Allan do Carmo venceu, na manh\u00e3 desse s\u00e1bado (18\/04), em S\u00e3o Bernardo do Campo (SP), a 2\u00aa etapa do Circuito Brasileiro de Maratonas Aqu\u00e1ticas, com o tempo de 56 minutos e 39 segundos.<\/p>\n<p class=\"p3\">O resultado garantiu vaga&nbsp;para a disputa dos 5 km no Mundial de Kazan, na R\u00fassia, que vai acontecer em junho desse ano.<\/p>\n<p class=\"p3\">Mas o baiano quer mais e j\u00e1 est\u00e1 de olho em outro resultado.&nbsp;&#8220;Em Kazan, quero nadar a prova de 10 km. \u00c9 o meu foco porque \u00e9 essa prova que vai selecionar os atletas que disputar\u00e3o as Olimp\u00edadas do Rio. Mas, de toda forma, garantir a presen\u00e7a l\u00e1 j\u00e1 \u00e9 um passo important\u00edssimo. A competi\u00e7\u00e3o aqui foi de um n\u00edvel elevad\u00edssimo e muito r\u00e1pida. Eu e minha equipe t\u00e9cnica estamos muito felizes com o rendimento e o resultado&#8221;, afirma.&nbsp;<\/p>\n<p class=\"p4\">Allan volta a nadar no dia 2 de maio, em Canc\u00fan, no M\u00e9xico, pela 4\u00aa etapa do Circuito Mundial que selecionar\u00e1 os dois brasileiros classificados para disputar os 10 km do Mundial de Kazan. &#8220;J\u00e1 estamos com a cabe\u00e7a l\u00e1 no M\u00e9xico, com certeza. Cada prova seguinte \u00e9 a mais importante. O objetivo maior est\u00e1 l\u00e1 na frente, que \u00e9 a vaga ol\u00edmpica, mas at\u00e9 chegar l\u00e1, preciso fazer o passo a passo que vai me deixar em condi\u00e7\u00e3o de realizar esse grande sonho&#8221;, revela.&nbsp;<\/p>\n<p class=\"p4\">O nadador aproveitou para agradecer a torcida e o carinho que tem recebido dos f\u00e3s. &#8220;\u00c9 incr\u00edvel como se preocupam em me dar apoio, for\u00e7a e energia positiva. Sou sempre muito grato por essa aten\u00e7\u00e3o especial. Continuo nadando em nome do povo baiano e brasileiro. Represent\u00e1-los \u00e9 um prazer imensur\u00e1vel&#8221;.<\/p>\n<p class=\"p4\">Valeu Allan, seguimos na torcida!<\/p>\n<p class=\"p4\">[Foto: Arquivo Pessoal]<\/p>\n","protected":false},"excerpt":{"rendered":"<p>Allan do Carmo venceu, na manh\u00e3 desse s\u00e1bado (18\/04), em S\u00e3o Bernardo do Campo (SP), a 2\u00aa etapa do Circuito Brasileiro de Maratonas Aqu\u00e1ticas, com o tempo de 56 minutos e 39 segundos. O resultado garantiu vaga&nbsp;para a disputa dos 5 km no Mundial de Kazan, na R\u00fassia, que vai acontecer em junho desse ano. [&hellip;]<\/p>\n","protected":false},"author":3,"featured_media":0,"comment_status":"open","ping_status":"open","sticky":false,"template":"","format":"standard","meta":{"_uag_custom_page_level_css":"","_mi_skip_tracking":false,"footnotes":""},"categories":[914],"tags":[],"class_list":["post-1763","post","type-post","status-publish","format-standard","hentry","category-mormaii"],"acf":[],"uagb_featured_image_src":{"full":false,"thumbnail":false,"medium":false,"medium_large":false,"large":false,"1536x1536":false,"2048x2048":false,"qi_addons_for_elementor_image_size_square":false,"qi_addons_for_elementor_image_size_landscape":false,"qi_addons_for_elementor_image_size_portrait":false,"qi_addons_for_elementor_image_size_huge-square":false},"uagb_author_info":{"display_name":"mormaii_importer","author_link":"https:\/\/www.mormaii.com.br\/site\/author\/mormaii_importer\/"},"uagb_comment_info":0,"uagb_excerpt":"Allan do Carmo venceu, na manh\u00e3 desse s\u00e1bado (18\/04), em S\u00e3o Bernardo do Campo (SP), a 2\u00aa etapa do Circuito Brasileiro de Maratonas Aqu\u00e1ticas, com o tempo de 56 minutos e 39 segundos. O resultado garantiu vaga&nbsp;para a disputa dos 5 km no Mundial de Kazan, na R\u00fassia, que vai acontecer em junho desse ano.&hellip;","_links":{"self":[{"href":"https:\/\/www.mormaii.com.br\/site\/wp-json\/wp\/v2\/posts\/1763"}],"collection":[{"href":"https:\/\/www.mormaii.com.br\/site\/wp-json\/wp\/v2\/posts"}],"about":[{"href":"https:\/\/www.mormaii.com.br\/site\/wp-json\/wp\/v2\/types\/post"}],"author":[{"embeddable":true,"href":"https:\/\/www.mormaii.com.br\/site\/wp-json\/wp\/v2\/users\/3"}],"replies":[{"embeddable":true,"href":"https:\/\/www.mormaii.com.br\/site\/wp-json\/wp\/v2\/comments?post=1763"}],"version-history":[{"count":1,"href":"https:\/\/www.mormaii.com.br\/site\/wp-json\/wp\/v2\/posts\/1763\/revisions"}],"predecessor-version":[{"id":58280,"href":"https:\/\/www.mormaii.com.br\/site\/wp-json\/wp\/v2\/posts\/1763\/revisions\/58280"}],"wp:attachment":[{"href":"https:\/\/www.mormaii.com.br\/site\/wp-json\/wp\/v2\/media?parent=1763"}],"wp:term":[{"taxonomy":"category","embeddable":true,"href":"https:\/\/www.mormaii.com.br\/site\/wp-json\/wp\/v2\/categories?post=1763"},{"taxonomy":"post_tag","embeddable":true,"href":"https:\/\/www.mormaii.com.br\/site\/wp-json\/wp\/v2\/tags?post=1763"}],"curies":[{"name":"wp","href":"https:\/\/api.w.org\/{rel}","templated":true}]}}