{"id":1782,"date":"2016-04-04T13:33:38","date_gmt":"2016-04-04T13:33:38","guid":{"rendered":"http:\/\/www.mormaii.com.br\/site\/?p=1782"},"modified":"2022-06-10T10:49:26","modified_gmt":"2022-06-10T13:49:26","slug":"noticiasblog-cordillera-or-mormaii-na-cordilheira-dos-andes","status":"publish","type":"post","link":"https:\/\/www.mormaii.com.br\/site\/noticiasblog-cordillera-or-mormaii-na-cordilheira-dos-andes\/","title":{"rendered":"Blog Cordillera | Mormaii  na Cordilheira dos Andes"},"content":{"rendered":"<p>14.000 km, 23 dias, 4 pa\u00edses, extremos de 40\u00baC e 4\u00baC, sol, chuva, gelo. Este foi o cen\u00e1rio escolhido para minha primeira grande viagem de moto pela Am\u00e9rica do Sul.<br \/>Fui convidado pelo meu grande amigo Joel Renhius para acompanha-lo nesta grande viagem, depois de um tempo de planejamento resolvi encarar o desafio e nos lan\u00e7amos rumo ao sul do mundo.<\/p>\n<p>J\u00e1 sab\u00edamos das dificuldades que enfrentar\u00edamos afinal, era a terceira vez que o Joel viajava para aqueles lados. Tendo este conhecimento elegemos o conjunto de capacete e jaqueta Mormaii Cordillera para nos acompanhar nestes dias de alegria.<br \/>Sa\u00edmos de Florian\u00f3polis em um domingo de manh\u00e3, tendo como destino a cidade de Uruguaiana, j\u00e1 na divisa Brasil\/Argentina. J\u00e1 sa\u00edmos de casa sem a forra\u00e7\u00e3o interna da Jaqueta, mas com as ventila\u00e7\u00f5es fechadas, quando come\u00e7ou a esquentar foi s\u00f3 abrir os recos de entrada de ar e a temperatura ficou agrad\u00e1vel, nos ajudando a percorrer mais de 1000km no primeiro dia.<\/p>\n<p>Ao entrarmos na Argentina. Nos deparamos com uma massa de ar muito quente e sol muito forte. A jaqueta aguentou bem o calor, o capacete come\u00e7ou a se mostrar uma \u00f3tima op\u00e7\u00e3o por ser bem ventilado, ter uma pala muito aerodin\u00e2mica que n\u00e3o nos atrapalhava a viajar em grandes velocidades e ainda cumpria totalmente seu papel de quebra-sol. Ressalto aqui tamb\u00e9m a import\u00e2ncia da viseira que escolhemos, as viseiras espelhadas, que torna a viagem sob sol forte muito mais confort\u00e1vel, n\u00e3o havendo necessidade de usar \u00f3culos escuro.<\/p>\n<p>J\u00e1 no terceiro dia de viagem est\u00e1vamos chegando aos p\u00e9s da cordilheira dos andes, na cidade de Uspallata, prov\u00edncia de Mendoza. N\u00e3o preciso falar o quanto a temperatura despencou nesta subida. Voltamos a instalar os forros t\u00e9rmicos da jaqueta, uma segunda pele mais grossa e est\u00e1vamos prontos para encarar as grandes altitudes e o clima inst\u00e1vel da regi\u00e3o.<\/p>\n<p>No dia da travessia do Passo Argentina\/Chile, est\u00e1vamos em dire\u00e7\u00e3o a Carretera Austral, chovia muito e a temperatura estava realmente baixa. Resolvi colocar o conjunto a prova e fui s\u00f3 com a Jaqueta Mormaii Cordillera e o forro t\u00e9rmico\/imperme\u00e1vel. A jaqueta segurou muito bem o tranco, segurando bem a temperatura do corpo.<br \/>De Chile Chico, voltamos para a Argentina e novamente pegamos a Ruta 40 com destino a El Calafate. Neste trecho me chamou muito a aten\u00e7\u00e3o o fato de mesmo com tanta chuva, o capacete Mormaii Cordillera n\u00e3o emba\u00e7ou ou entrou agua em momento algum, mesmo estando 100% fechado, apenas com ventila\u00e7\u00e3o aberta.<\/p>\n<p>Ap\u00f3s sairmos de El Calafate, seguimos para Rio Gallegos, para ent\u00e3o tentar o ataque final ao nosso principal objetivo que era Ushuaia, a cidade mais austral do planeta. Entre Rio Gallegos e Ushuaia, nosso principal companheiro foi o vento. E que vento\u2026. Por v\u00e1rios momentos tive a n\u00edtida impress\u00e3o que a dianteira da minha moto seria arrancada do ch\u00e3o, outras imaginava que seriamos arremessados para fora da estrada.<\/p>\n<p>Saindo de Ushuaia, resolvemos enrolar o cabo e chegar o quanto antes em casa, percorremos o trecho de pouco mais de 6.000km em 6 dias. Sa\u00edmos do frio extremo do Fin del Mundo ao calor insuport\u00e1vel do norte da Argentina e Uruguai. Novamente o sistema de forra\u00e7\u00e3o interna da jaqueta, a ventila\u00e7\u00e3o da jaqueta e do capacete, nos ajudaram a manter a media de km percorrida por dia e chegamos no final do 6 dia em Florian\u00f3polis, j\u00e1 com a cabe\u00e7a pensando em tudo que vivemos e no que ainda vamos viver nas pr\u00f3ximas viagens&#8230;<\/p>\n<p><strong>Marcus Zilli<br \/><\/strong>Moto Aventureiro<br \/>SC Moto Riders Tour<\/p>\n","protected":false},"excerpt":{"rendered":"<p>14.000 km, 23 dias, 4 pa\u00edses, extremos de 40\u00baC e 4\u00baC, sol, chuva, gelo. Este foi o cen\u00e1rio escolhido para minha primeira grande viagem de moto pela Am\u00e9rica do Sul.Fui convidado pelo meu grande amigo Joel Renhius para acompanha-lo nesta grande viagem, depois de um tempo de planejamento resolvi encarar o desafio e nos lan\u00e7amos [&hellip;]<\/p>\n","protected":false},"author":3,"featured_media":0,"comment_status":"open","ping_status":"open","sticky":false,"template":"","format":"standard","meta":{"_uag_custom_page_level_css":"","_mi_skip_tracking":false,"footnotes":""},"categories":[914],"tags":[],"class_list":["post-1782","post","type-post","status-publish","format-standard","hentry","category-mormaii"],"acf":[],"uagb_featured_image_src":{"full":false,"thumbnail":false,"medium":false,"medium_large":false,"large":false,"1536x1536":false,"2048x2048":false,"qi_addons_for_elementor_image_size_square":false,"qi_addons_for_elementor_image_size_landscape":false,"qi_addons_for_elementor_image_size_portrait":false,"qi_addons_for_elementor_image_size_huge-square":false},"uagb_author_info":{"display_name":"mormaii_importer","author_link":"https:\/\/www.mormaii.com.br\/site\/author\/mormaii_importer\/"},"uagb_comment_info":0,"uagb_excerpt":"14.000 km, 23 dias, 4 pa\u00edses, extremos de 40\u00baC e 4\u00baC, sol, chuva, gelo. Este foi o cen\u00e1rio escolhido para minha primeira grande viagem de moto pela Am\u00e9rica do Sul.Fui convidado pelo meu grande amigo Joel Renhius para acompanha-lo nesta grande viagem, depois de um tempo de planejamento resolvi encarar o desafio e nos lan\u00e7amos&hellip;","_links":{"self":[{"href":"https:\/\/www.mormaii.com.br\/site\/wp-json\/wp\/v2\/posts\/1782"}],"collection":[{"href":"https:\/\/www.mormaii.com.br\/site\/wp-json\/wp\/v2\/posts"}],"about":[{"href":"https:\/\/www.mormaii.com.br\/site\/wp-json\/wp\/v2\/types\/post"}],"author":[{"embeddable":true,"href":"https:\/\/www.mormaii.com.br\/site\/wp-json\/wp\/v2\/users\/3"}],"replies":[{"embeddable":true,"href":"https:\/\/www.mormaii.com.br\/site\/wp-json\/wp\/v2\/comments?post=1782"}],"version-history":[{"count":1,"href":"https:\/\/www.mormaii.com.br\/site\/wp-json\/wp\/v2\/posts\/1782\/revisions"}],"predecessor-version":[{"id":58205,"href":"https:\/\/www.mormaii.com.br\/site\/wp-json\/wp\/v2\/posts\/1782\/revisions\/58205"}],"wp:attachment":[{"href":"https:\/\/www.mormaii.com.br\/site\/wp-json\/wp\/v2\/media?parent=1782"}],"wp:term":[{"taxonomy":"category","embeddable":true,"href":"https:\/\/www.mormaii.com.br\/site\/wp-json\/wp\/v2\/categories?post=1782"},{"taxonomy":"post_tag","embeddable":true,"href":"https:\/\/www.mormaii.com.br\/site\/wp-json\/wp\/v2\/tags?post=1782"}],"curies":[{"name":"wp","href":"https:\/\/api.w.org\/{rel}","templated":true}]}}