{"id":1800,"date":"2016-04-04T13:33:38","date_gmt":"2016-04-04T13:33:38","guid":{"rendered":"http:\/\/www.mormaii.com.br\/site\/?p=1800"},"modified":"2022-06-10T10:51:29","modified_gmt":"2022-06-10T13:51:29","slug":"noticiasallan-do-carmo-conquista-vaga-no-mundial-de-natacao","status":"publish","type":"post","link":"https:\/\/www.mormaii.com.br\/site\/noticiasallan-do-carmo-conquista-vaga-no-mundial-de-natacao\/","title":{"rendered":"Allan do Carmo conquista vaga no mundial de nata\u00e7\u00e3o"},"content":{"rendered":"<p>Allan do Carmo confirmou presen\u00e7a na principal prova das maratonas aqu\u00e1ticas em 2015: os 10km do Mundial de Kazan, na R\u00fassia, que ser\u00e1 a seletiva para as Olimp\u00edadas do Rio 2016.&nbsp;<\/p>\n<p>Isso s\u00f3 foi poss\u00edvel gra\u00e7as \u00e0 5\u00aa coloca\u00e7\u00e3o conquistada na tarde desse s\u00e1bado (02\/05), na 4\u00aa etapa do Circuito Mundial, em Cozumel, no M\u00e9xico. Com esse resultado, Allan permanece no topo do ranking da classifica\u00e7\u00e3o geral do circuito.<\/p>\n<p>\u201cEstou muito feliz porque foi uma prova com um n\u00edvel alt\u00edssimo. Por ser seletiva para o mundial, os principais atletas do mundo estiveram aqui. Estar no top 8 \u00e9 a certeza de que o trabalho est\u00e1 no caminho certo, mas que ainda temos o que melhorar. Vamos trabalhar forte para chegar em Kazan preparados para garantir a vaga ol\u00edmpica\u201d,&nbsp;afirma.&nbsp;<\/p>\n<p>Confirma\u00e7\u00e3o do equil\u00edbrio da prova desse s\u00e1bado foi o tempo de batida dos cinco primeiros nadadores que cruzaram a linha de chegada. A diferen\u00e7a entre o primeiro colocado, o ingl\u00eas Jack Burnell, e Allan&nbsp;foi de oito cent\u00e9simos de segundo.&nbsp;<\/p>\n<p>Com a garantia de que vai disputar a prova dos 10km no Mundial de Kazan, Allan confirmou que n\u00e3o vai nadar a prova dos 5km.&nbsp;<\/p>\n<p>Ele havia conquistado esse direito por ter sido o campe\u00e3o da 3\u00aa etapa do Brasileiro de Maratonas Aqu\u00e1ticas, no m\u00eas passado. \u201cEra o meu foco desde o in\u00edcio da temporada porque \u00e9 essa prova de 10km que vai selecionar os atletas que v\u00e3o para os Jogos Ol\u00edmpicos do Rio de Janeiro, ano que vem\u201d, lembra.<\/p>\n<p>Allan do Carmo volta para Salvador na pr\u00f3xima segunda-feira onde reiniciar\u00e1 seus treinamentos.<\/p>\n","protected":false},"excerpt":{"rendered":"<p>Allan do Carmo confirmou presen\u00e7a na principal prova das maratonas aqu\u00e1ticas em 2015: os 10km do Mundial de Kazan, na R\u00fassia, que ser\u00e1 a seletiva para as Olimp\u00edadas do Rio 2016.&nbsp; Isso s\u00f3 foi poss\u00edvel gra\u00e7as \u00e0 5\u00aa coloca\u00e7\u00e3o conquistada na tarde desse s\u00e1bado (02\/05), na 4\u00aa etapa do Circuito Mundial, em Cozumel, no M\u00e9xico. [&hellip;]<\/p>\n","protected":false},"author":3,"featured_media":0,"comment_status":"open","ping_status":"open","sticky":false,"template":"","format":"standard","meta":{"_uag_custom_page_level_css":"","_mi_skip_tracking":false,"footnotes":""},"categories":[914],"tags":[],"class_list":["post-1800","post","type-post","status-publish","format-standard","hentry","category-mormaii"],"acf":[],"uagb_featured_image_src":{"full":false,"thumbnail":false,"medium":false,"medium_large":false,"large":false,"1536x1536":false,"2048x2048":false,"qi_addons_for_elementor_image_size_square":false,"qi_addons_for_elementor_image_size_landscape":false,"qi_addons_for_elementor_image_size_portrait":false,"qi_addons_for_elementor_image_size_huge-square":false},"uagb_author_info":{"display_name":"mormaii_importer","author_link":"https:\/\/www.mormaii.com.br\/site\/author\/mormaii_importer\/"},"uagb_comment_info":0,"uagb_excerpt":"Allan do Carmo confirmou presen\u00e7a na principal prova das maratonas aqu\u00e1ticas em 2015: os 10km do Mundial de Kazan, na R\u00fassia, que ser\u00e1 a seletiva para as Olimp\u00edadas do Rio 2016.&nbsp; Isso s\u00f3 foi poss\u00edvel gra\u00e7as \u00e0 5\u00aa coloca\u00e7\u00e3o conquistada na tarde desse s\u00e1bado (02\/05), na 4\u00aa etapa do Circuito Mundial, em Cozumel, no M\u00e9xico.&hellip;","_links":{"self":[{"href":"https:\/\/www.mormaii.com.br\/site\/wp-json\/wp\/v2\/posts\/1800"}],"collection":[{"href":"https:\/\/www.mormaii.com.br\/site\/wp-json\/wp\/v2\/posts"}],"about":[{"href":"https:\/\/www.mormaii.com.br\/site\/wp-json\/wp\/v2\/types\/post"}],"author":[{"embeddable":true,"href":"https:\/\/www.mormaii.com.br\/site\/wp-json\/wp\/v2\/users\/3"}],"replies":[{"embeddable":true,"href":"https:\/\/www.mormaii.com.br\/site\/wp-json\/wp\/v2\/comments?post=1800"}],"version-history":[{"count":1,"href":"https:\/\/www.mormaii.com.br\/site\/wp-json\/wp\/v2\/posts\/1800\/revisions"}],"predecessor-version":[{"id":58300,"href":"https:\/\/www.mormaii.com.br\/site\/wp-json\/wp\/v2\/posts\/1800\/revisions\/58300"}],"wp:attachment":[{"href":"https:\/\/www.mormaii.com.br\/site\/wp-json\/wp\/v2\/media?parent=1800"}],"wp:term":[{"taxonomy":"category","embeddable":true,"href":"https:\/\/www.mormaii.com.br\/site\/wp-json\/wp\/v2\/categories?post=1800"},{"taxonomy":"post_tag","embeddable":true,"href":"https:\/\/www.mormaii.com.br\/site\/wp-json\/wp\/v2\/tags?post=1800"}],"curies":[{"name":"wp","href":"https:\/\/api.w.org\/{rel}","templated":true}]}}