{"id":1838,"date":"2016-04-04T13:33:38","date_gmt":"2016-04-04T13:33:38","guid":{"rendered":"http:\/\/www.mormaii.com.br\/site\/?p=1838"},"modified":"2022-06-10T10:43:22","modified_gmt":"2022-06-10T13:43:22","slug":"noticiasblog-segunda-sem-carne-or-torta-gelada-de-frutas-vermelhas","status":"publish","type":"post","link":"https:\/\/www.mormaii.com.br\/site\/noticiasblog-segunda-sem-carne-or-torta-gelada-de-frutas-vermelhas\/","title":{"rendered":"Blog Segunda sem Carne | Torta gelada de frutas vermelhas"},"content":{"rendered":"<p><strong>Ingredientes<br \/><\/strong>Massa:<br \/>\u2022&nbsp;&nbsp; &nbsp;1 x\u00edcara de farinha de milho (fub\u00e1)<br \/>\u2022&nbsp;&nbsp; &nbsp;1 e \u00bd x\u00edcara de aveia em flocos (ou farinha de aveia)<br \/>\u2022&nbsp;&nbsp; &nbsp;\u00bc x\u00edcara de \u00f3leo de coco <br \/>\u2022&nbsp;&nbsp; &nbsp;\u00bc x\u00edcara de melado de cana<br \/>\u2022&nbsp;&nbsp; &nbsp;1 pitada de sal marinho<br \/>Recheio:<br \/>\u2022&nbsp;&nbsp; &nbsp;\u00be x\u00edcara de castanha de caju (ou par\u00e1) crua de molho por 4 a 6 horas (ou biomassa de banana verde)<br \/>\u2022&nbsp;&nbsp; &nbsp;Suco de 2 lim\u00f5es<br \/>\u2022&nbsp;&nbsp; &nbsp;1\/3 x\u00edcara de \u00f3leo de coco<br \/>\u2022&nbsp;&nbsp; &nbsp;1\/3 x\u00edcara de mel org\u00e2nico ou melado de cana <br \/>\u2022&nbsp;&nbsp; &nbsp;1 x\u00edcara de frutas vermelhas frescas (framboesa, morango e amora)<br \/><strong>Modo de preparo<br \/><\/strong>Para fazer a massa:<br \/>1.&nbsp;&nbsp; &nbsp;Preaque\u00e7a o forno a 180\u00baC.<br \/>2.&nbsp;&nbsp; &nbsp;Coloque a farinha de milho, aveia e sal e processe at\u00e9 virar uma farinha fina.<br \/>3.&nbsp;&nbsp; &nbsp;Numa tigela pequena, misture o \u00f3leo e o melado. <br \/>4.&nbsp;&nbsp; &nbsp;Adicione os ingredientes molhados na farinha e misture bem at\u00e9 formar uma massa com consist\u00eancia de massa de cookie.<br \/>5.&nbsp;&nbsp; &nbsp;Espalhe numa forma de torta de 23cm e coloque para assar no forno por 15 minutos.<br \/>Como preparar o recheio:<br \/>1.&nbsp;&nbsp; &nbsp;Enquanto a massa esfria, prepare o recheio.<br \/>2.&nbsp;&nbsp; &nbsp;Escorra a \u00e1gua do molho da castanha e leve todos os ingredientes ao processador e bata at\u00e9 ficar homog\u00eaneo.<br \/>3.&nbsp;&nbsp; &nbsp;Recheie a torta com a massa j\u00e1 fria e leve \u00e0 geladeira para endurecer. Sirva gelada.<\/p>\n","protected":false},"excerpt":{"rendered":"<p>IngredientesMassa:\u2022&nbsp;&nbsp; &nbsp;1 x\u00edcara de farinha de milho (fub\u00e1)\u2022&nbsp;&nbsp; &nbsp;1 e \u00bd x\u00edcara de aveia em flocos (ou farinha de aveia)\u2022&nbsp;&nbsp; &nbsp;\u00bc x\u00edcara de \u00f3leo de coco \u2022&nbsp;&nbsp; &nbsp;\u00bc x\u00edcara de melado de cana\u2022&nbsp;&nbsp; &nbsp;1 pitada de sal marinhoRecheio:\u2022&nbsp;&nbsp; &nbsp;\u00be x\u00edcara de castanha de caju (ou par\u00e1) crua de molho por 4 a 6 horas (ou [&hellip;]<\/p>\n","protected":false},"author":3,"featured_media":0,"comment_status":"open","ping_status":"open","sticky":false,"template":"","format":"standard","meta":{"_uag_custom_page_level_css":"","_mi_skip_tracking":false,"footnotes":""},"categories":[914],"tags":[],"class_list":["post-1838","post","type-post","status-publish","format-standard","hentry","category-mormaii"],"acf":[],"uagb_featured_image_src":{"full":false,"thumbnail":false,"medium":false,"medium_large":false,"large":false,"1536x1536":false,"2048x2048":false,"qi_addons_for_elementor_image_size_square":false,"qi_addons_for_elementor_image_size_landscape":false,"qi_addons_for_elementor_image_size_portrait":false,"qi_addons_for_elementor_image_size_huge-square":false},"uagb_author_info":{"display_name":"mormaii_importer","author_link":"https:\/\/www.mormaii.com.br\/site\/author\/mormaii_importer\/"},"uagb_comment_info":0,"uagb_excerpt":"IngredientesMassa:\u2022&nbsp;&nbsp; &nbsp;1 x\u00edcara de farinha de milho (fub\u00e1)\u2022&nbsp;&nbsp; &nbsp;1 e \u00bd x\u00edcara de aveia em flocos (ou farinha de aveia)\u2022&nbsp;&nbsp; &nbsp;\u00bc x\u00edcara de \u00f3leo de coco \u2022&nbsp;&nbsp; &nbsp;\u00bc x\u00edcara de melado de cana\u2022&nbsp;&nbsp; &nbsp;1 pitada de sal marinhoRecheio:\u2022&nbsp;&nbsp; &nbsp;\u00be x\u00edcara de castanha de caju (ou par\u00e1) crua de molho por 4 a 6 horas (ou&hellip;","_links":{"self":[{"href":"https:\/\/www.mormaii.com.br\/site\/wp-json\/wp\/v2\/posts\/1838"}],"collection":[{"href":"https:\/\/www.mormaii.com.br\/site\/wp-json\/wp\/v2\/posts"}],"about":[{"href":"https:\/\/www.mormaii.com.br\/site\/wp-json\/wp\/v2\/types\/post"}],"author":[{"embeddable":true,"href":"https:\/\/www.mormaii.com.br\/site\/wp-json\/wp\/v2\/users\/3"}],"replies":[{"embeddable":true,"href":"https:\/\/www.mormaii.com.br\/site\/wp-json\/wp\/v2\/comments?post=1838"}],"version-history":[{"count":1,"href":"https:\/\/www.mormaii.com.br\/site\/wp-json\/wp\/v2\/posts\/1838\/revisions"}],"predecessor-version":[{"id":57876,"href":"https:\/\/www.mormaii.com.br\/site\/wp-json\/wp\/v2\/posts\/1838\/revisions\/57876"}],"wp:attachment":[{"href":"https:\/\/www.mormaii.com.br\/site\/wp-json\/wp\/v2\/media?parent=1838"}],"wp:term":[{"taxonomy":"category","embeddable":true,"href":"https:\/\/www.mormaii.com.br\/site\/wp-json\/wp\/v2\/categories?post=1838"},{"taxonomy":"post_tag","embeddable":true,"href":"https:\/\/www.mormaii.com.br\/site\/wp-json\/wp\/v2\/tags?post=1838"}],"curies":[{"name":"wp","href":"https:\/\/api.w.org\/{rel}","templated":true}]}}