{"id":1846,"date":"2016-04-04T13:33:38","date_gmt":"2016-04-04T13:33:38","guid":{"rendered":"http:\/\/www.mormaii.com.br\/site\/?p=1846"},"modified":"2022-06-10T10:22:54","modified_gmt":"2022-06-10T13:22:54","slug":"noticiasmormaii-diva-pro-na-bienal-brasileira-de-design","status":"publish","type":"post","link":"https:\/\/www.mormaii.com.br\/site\/noticiasmormaii-diva-pro-na-bienal-brasileira-de-design\/","title":{"rendered":"Mormaii Diva Pro na Bienal Brasileira de Design"},"content":{"rendered":"<p>Uma mesa que capta energia solar. Uma cadeira que parece n\u00e3o ter fim. Uma bicicleta com madeira de reflorestamento. L\u00e2mpadas que parecem derreter no ar. O novo Mormaii Diva Pro.<\/p>\n<p class=\"p6\">Esses s\u00e3o alguns exemplos das centenas de produtos e projetos que estar\u00e3o em salas de exibi\u00e7\u00e3o na Bienal Brasileira de Design 2015 Floripa \u2013 que acontece na capital catarinense, entre 15 de maio e 12 de julho.&nbsp;<\/p>\n<p class=\"p8\">O evento \u2013 que tomar\u00e1 conta da cidade \u2013 contempla sete exposi\u00e7\u00f5es, um semin\u00e1rio internacional, a\u00e7\u00f5es educativas e a\u00e7\u00f5es paralelas em torno do tema \u201cDesign para Todos\u201d, com o objetivo de mostrar projetos que encantem dentro do chamado design acess\u00edvel ou design universal.&nbsp;<\/p>\n<p class=\"p8\">\u201cQueremos mostrar que o design faz parte de praticamente todas as \u00e1reas da cultura material. Acho que ampliar esse entendimento \u00e9 essencial, pois o design brasileiro tem avan\u00e7ado muito, e est\u00e1 na hora das pessoas (re)conhecerem mais esse trabalho\u201d, afirma Freddy Van Camp, o curador da Bienal.<\/p>\n<p class=\"p8\">O <a href=\"http:\/\/www.mormaii.com.br\/produtos\/long-john-mormaii-diva-pro\" rel=\"nofollow noopener\" target=\"_blank\">Mormaii Diva Pro<\/a>&nbsp;possui um design que traduz a anatomia do corpo feminino, feito com um neoprene que proporciona flexibilidade total nos movimentos. A roupa, em suas vers\u00f5es mai\u00f4 e long john, est\u00e1 <span class=\"s2\">participando <\/span>da exposi\u00e7\u00e3o \u201cCria\u00e7\u00e3o Catarina\u2019\u2019 que possui a&nbsp;inten\u00e7\u00e3o de revelar&nbsp;o lado criativo da ind\u00fastria,&nbsp;seus processos e tecnologias, oferecendo ao p\u00fablico uma boa&nbsp;dimens\u00e3o&nbsp;da atividade do design catarinense atual.&nbsp;<\/p>\n<p class=\"p8\"><span class=\"s4\">A <\/span>Bienal Brasileira de Design 2015 Floripa acontece em Florian\u00f3polis, Santa Catarina, entre os dias 15 de maio e 12 de julho<span class=\"s6\">, no <\/span><span class=\"s7\">Pal\u00e1cio Cruz e Sousa, com entrada gratuita.&nbsp;<\/span><\/p>\n<p class=\"p8\"><span class=\"s7\">As <\/span><span class=\"s8\">visita\u00e7\u00f5es ocorrem de ter\u00e7a \u00e0 sexta-feira das 10h \u00e0s 18h; s\u00e1bados, domingos e feriados, das 10h \u00e0s 16h. Para mais informa\u00e7\u00f5es acesse o <a href=\"http:\/\/www.bienalbrasileiradedesign.com.br\/\" rel=\"nofollow noopener\" target=\"_blank\">site<\/a>.<br \/><\/span><\/p>\n<p class=\"p10\">Abaixo, voc\u00ea assiste ao v\u00eddeo de Maya Gabeira e o Mormaii Diva Pro.<\/p>\n<p class=\"p10\">[Foto: Michele Cruz]<\/p>\n","protected":false},"excerpt":{"rendered":"<p>Uma mesa que capta energia solar. Uma cadeira que parece n\u00e3o ter fim. Uma bicicleta com madeira de reflorestamento. L\u00e2mpadas que parecem derreter no ar. O novo Mormaii Diva Pro. Esses s\u00e3o alguns exemplos das centenas de produtos e projetos que estar\u00e3o em salas de exibi\u00e7\u00e3o na Bienal Brasileira de Design 2015 Floripa \u2013 que [&hellip;]<\/p>\n","protected":false},"author":3,"featured_media":0,"comment_status":"open","ping_status":"open","sticky":false,"template":"","format":"standard","meta":{"_uag_custom_page_level_css":"","_mi_skip_tracking":false,"footnotes":""},"categories":[914],"tags":[],"class_list":["post-1846","post","type-post","status-publish","format-standard","hentry","category-mormaii"],"acf":[],"uagb_featured_image_src":{"full":false,"thumbnail":false,"medium":false,"medium_large":false,"large":false,"1536x1536":false,"2048x2048":false,"qi_addons_for_elementor_image_size_square":false,"qi_addons_for_elementor_image_size_landscape":false,"qi_addons_for_elementor_image_size_portrait":false,"qi_addons_for_elementor_image_size_huge-square":false},"uagb_author_info":{"display_name":"mormaii_importer","author_link":"https:\/\/www.mormaii.com.br\/site\/author\/mormaii_importer\/"},"uagb_comment_info":0,"uagb_excerpt":"Uma mesa que capta energia solar. Uma cadeira que parece n\u00e3o ter fim. Uma bicicleta com madeira de reflorestamento. L\u00e2mpadas que parecem derreter no ar. O novo Mormaii Diva Pro. Esses s\u00e3o alguns exemplos das centenas de produtos e projetos que estar\u00e3o em salas de exibi\u00e7\u00e3o na Bienal Brasileira de Design 2015 Floripa \u2013 que&hellip;","_links":{"self":[{"href":"https:\/\/www.mormaii.com.br\/site\/wp-json\/wp\/v2\/posts\/1846"}],"collection":[{"href":"https:\/\/www.mormaii.com.br\/site\/wp-json\/wp\/v2\/posts"}],"about":[{"href":"https:\/\/www.mormaii.com.br\/site\/wp-json\/wp\/v2\/types\/post"}],"author":[{"embeddable":true,"href":"https:\/\/www.mormaii.com.br\/site\/wp-json\/wp\/v2\/users\/3"}],"replies":[{"embeddable":true,"href":"https:\/\/www.mormaii.com.br\/site\/wp-json\/wp\/v2\/comments?post=1846"}],"version-history":[{"count":1,"href":"https:\/\/www.mormaii.com.br\/site\/wp-json\/wp\/v2\/posts\/1846\/revisions"}],"predecessor-version":[{"id":57167,"href":"https:\/\/www.mormaii.com.br\/site\/wp-json\/wp\/v2\/posts\/1846\/revisions\/57167"}],"wp:attachment":[{"href":"https:\/\/www.mormaii.com.br\/site\/wp-json\/wp\/v2\/media?parent=1846"}],"wp:term":[{"taxonomy":"category","embeddable":true,"href":"https:\/\/www.mormaii.com.br\/site\/wp-json\/wp\/v2\/categories?post=1846"},{"taxonomy":"post_tag","embeddable":true,"href":"https:\/\/www.mormaii.com.br\/site\/wp-json\/wp\/v2\/tags?post=1846"}],"curies":[{"name":"wp","href":"https:\/\/api.w.org\/{rel}","templated":true}]}}