{"id":1851,"date":"2016-04-04T13:33:38","date_gmt":"2016-04-04T13:33:38","guid":{"rendered":"http:\/\/www.mormaii.com.br\/site\/?p=1851"},"modified":"2022-06-10T10:34:11","modified_gmt":"2022-06-10T13:34:11","slug":"noticiasfestival-internacional-mormaii-de-curtas-metragens","status":"publish","type":"post","link":"https:\/\/www.mormaii.com.br\/site\/noticiasfestival-internacional-mormaii-de-curtas-metragens\/","title":{"rendered":"Festival Internacional Mormaii de Curtas-Metragens"},"content":{"rendered":"<p>Todo mundo tem algo para mostrar, envie seu v\u00eddeo sobre surf e praia para o Festival Internacional Mormaii de Curtas-Metragens e conte sua hist\u00f3ria!&nbsp;<\/p>\n<p class=\"p3\">Ainda d\u00e1 tempo de encaminhar seu filme, as inscri\u00e7\u00f5es v\u00e3o at\u00e9 o dia 25 de maio de 2015. O universo da cultura surf ser\u00e1 compartilhado no Festivalma&nbsp;Novas Conex\u00f5es.<\/p>\n<p>A emo\u00e7\u00e3o de dropar uma onda, o peito preenchido com a energia da praia, a alegria de acertar uma manobra. Todos tem algo para mostrar. Se voc\u00ea tem algum momento registrado em v\u00eddeo, que envolve os temas praia e esportes praticados com prancha, participe!<\/p>\n<p class=\"p3\">Com realiza\u00e7\u00e3o da Almasurf e patroc\u00ednio da Mormaii, o Festivalma Novas Conex\u00f5es traz atividades gratuitas, com cinema, arte e m\u00fasica, para agitar o Parque do Ibirapuera, em S\u00e3o Paulo, entre 11 a 14 de junho, e o Parque Roberto M\u00e1rio Santini, em Santos, no dia 13 de junho. Veja a&nbsp;<a href=\"http:\/\/almasurf.com\/news.php?id=6422&amp;pagina=2\" rel=\"nofollow noopener\" target=\"_blank\">programa\u00e7\u00e3o completa<\/a>.<\/p>\n<p>Este ano, na 2\u00aa edi\u00e7\u00e3o do Festival de Curtas, estreia a categoria \u201cVideo Selfie\u201d, criando uma nova rela\u00e7\u00e3o entre esporte e produ\u00e7\u00e3o de imagens.<\/p>\n<p>A competi\u00e7\u00e3o est\u00e1 dividida em tr\u00eas categorias: Curtas-Metragens (at\u00e9 10 minutos); Curtas-Document\u00e1rios (at\u00e9 15 minutos); Video Selfie (at\u00e9 cinco minutos).<\/p>\n<p class=\"p3\">Fique atento, os materiais podem ser inscritos at\u00e9 a data de 25 de maio de 2015. Sendo que os melhores filmes ser\u00e3o escolhidos pelo p\u00fablico, que participar\u00e1 de vota\u00e7\u00e3o online, no site <a href=\"http:\/\/www.festivalma.com.br\/\" rel=\"nofollow noopener\" target=\"_blank\">www.festivalma.com.br<\/a>, entre os dias 26 de maio e 3 de junho, junto com uma sele\u00e7\u00e3o de jurados especializados, que analisar\u00e1 as produ\u00e7\u00f5es no per\u00edodo de 4 a 7 de junho.<\/p>\n<p class=\"p3\">Os v\u00eddeos devem ser carregados no Youtube ou no Vimeo para gerar link, que ser\u00e1 solicitado no momento de preenchimento dos dados sobre o material.<\/p>\n<p class=\"p3\">Detalhe, as tr\u00eas melhores produ\u00e7\u00f5es das categorias Curtas-Metragens e Curtas-Document\u00e1rios ser\u00e3o premiadas em dinheiro, com exibi\u00e7\u00e3o no Festivalma&nbsp;Novas Conex\u00f5es, no dia 11 de junho, no Parque do Ibirapuera, na capital paulista.&nbsp;<\/p>\n<p class=\"p3\">J\u00e1 na Video Selfie, os materiais ser\u00e3o divulgadas no site do evento e tamb\u00e9m nas plataformas Almasurf.&nbsp;<\/p>\n<p class=\"p3\">O que voc\u00ea est\u00e1 esperando para mandar o seu v\u00eddeo? Clique <a href=\"http:\/\/almasurf.com\/festivalma15\/envie-seu-curta.php\" rel=\"nofollow noopener\" target=\"_blank\">aqui<\/a> para inscrever seu filme. Leia o <a href=\"http:\/\/almasurf.com\/festivalma15\/regulamento.php\" rel=\"nofollow noopener\" target=\"_blank\">regulamento<\/a> para obter mais informa\u00e7\u00f5es.<\/p>\n<p class=\"p3\">[Foto: James Thisted]<\/p>\n","protected":false},"excerpt":{"rendered":"<p>Todo mundo tem algo para mostrar, envie seu v\u00eddeo sobre surf e praia para o Festival Internacional Mormaii de Curtas-Metragens e conte sua hist\u00f3ria!&nbsp; Ainda d\u00e1 tempo de encaminhar seu filme, as inscri\u00e7\u00f5es v\u00e3o at\u00e9 o dia 25 de maio de 2015. O universo da cultura surf ser\u00e1 compartilhado no Festivalma&nbsp;Novas Conex\u00f5es. A emo\u00e7\u00e3o de [&hellip;]<\/p>\n","protected":false},"author":3,"featured_media":0,"comment_status":"open","ping_status":"open","sticky":false,"template":"","format":"standard","meta":{"_uag_custom_page_level_css":"","_mi_skip_tracking":false,"footnotes":""},"categories":[914],"tags":[],"class_list":["post-1851","post","type-post","status-publish","format-standard","hentry","category-mormaii"],"acf":[],"uagb_featured_image_src":{"full":false,"thumbnail":false,"medium":false,"medium_large":false,"large":false,"1536x1536":false,"2048x2048":false,"qi_addons_for_elementor_image_size_square":false,"qi_addons_for_elementor_image_size_landscape":false,"qi_addons_for_elementor_image_size_portrait":false,"qi_addons_for_elementor_image_size_huge-square":false},"uagb_author_info":{"display_name":"mormaii_importer","author_link":"https:\/\/www.mormaii.com.br\/site\/author\/mormaii_importer\/"},"uagb_comment_info":0,"uagb_excerpt":"Todo mundo tem algo para mostrar, envie seu v\u00eddeo sobre surf e praia para o Festival Internacional Mormaii de Curtas-Metragens e conte sua hist\u00f3ria!&nbsp; Ainda d\u00e1 tempo de encaminhar seu filme, as inscri\u00e7\u00f5es v\u00e3o at\u00e9 o dia 25 de maio de 2015. O universo da cultura surf ser\u00e1 compartilhado no Festivalma&nbsp;Novas Conex\u00f5es. A emo\u00e7\u00e3o de&hellip;","_links":{"self":[{"href":"https:\/\/www.mormaii.com.br\/site\/wp-json\/wp\/v2\/posts\/1851"}],"collection":[{"href":"https:\/\/www.mormaii.com.br\/site\/wp-json\/wp\/v2\/posts"}],"about":[{"href":"https:\/\/www.mormaii.com.br\/site\/wp-json\/wp\/v2\/types\/post"}],"author":[{"embeddable":true,"href":"https:\/\/www.mormaii.com.br\/site\/wp-json\/wp\/v2\/users\/3"}],"replies":[{"embeddable":true,"href":"https:\/\/www.mormaii.com.br\/site\/wp-json\/wp\/v2\/comments?post=1851"}],"version-history":[{"count":1,"href":"https:\/\/www.mormaii.com.br\/site\/wp-json\/wp\/v2\/posts\/1851\/revisions"}],"predecessor-version":[{"id":57546,"href":"https:\/\/www.mormaii.com.br\/site\/wp-json\/wp\/v2\/posts\/1851\/revisions\/57546"}],"wp:attachment":[{"href":"https:\/\/www.mormaii.com.br\/site\/wp-json\/wp\/v2\/media?parent=1851"}],"wp:term":[{"taxonomy":"category","embeddable":true,"href":"https:\/\/www.mormaii.com.br\/site\/wp-json\/wp\/v2\/categories?post=1851"},{"taxonomy":"post_tag","embeddable":true,"href":"https:\/\/www.mormaii.com.br\/site\/wp-json\/wp\/v2\/tags?post=1851"}],"curies":[{"name":"wp","href":"https:\/\/api.w.org\/{rel}","templated":true}]}}