{"id":1863,"date":"2016-04-04T13:33:38","date_gmt":"2016-04-04T13:33:38","guid":{"rendered":"http:\/\/www.mormaii.com.br\/site\/?p=1863"},"modified":"2022-06-10T10:48:50","modified_gmt":"2022-06-10T13:48:50","slug":"noticiasblog-de-moda-or-inverno-branco","status":"publish","type":"post","link":"https:\/\/www.mormaii.com.br\/site\/noticiasblog-de-moda-or-inverno-branco\/","title":{"rendered":"Blog de moda | Inverno Branco"},"content":{"rendered":"<\/p>\n<p>Foi-se o tempo em que as esta\u00e7\u00f5es tinham cartelas de cores nem definidas. <br \/>O inverno de 2015 abre o leque de escolhas e deixa a regra dos tons s\u00f3brios e escuros de lado. <\/p>\n<p>A paix\u00e3o da vez \u00e9 o branco que deixa o visual elegante, j\u00e1 que tem esse apelo chique, independente da esta\u00e7\u00e3o em que \u00e9 usado. <\/p>\n<p>Para voc\u00ea fazer bonito em suas produ\u00e7\u00f5es, selecionamos alguns dos nossos looks que prometem! Jogue com pe\u00e7as em preto ou com estampa \u00e9tnica em preto e branco. <\/p>\n","protected":false},"excerpt":{"rendered":"<p>Foi-se o tempo em que as esta\u00e7\u00f5es tinham cartelas de cores nem definidas. O inverno de 2015 abre o leque de escolhas e deixa a regra dos tons s\u00f3brios e escuros de lado. A paix\u00e3o da vez \u00e9 o branco que deixa o visual elegante, j\u00e1 que tem esse apelo chique, independente da esta\u00e7\u00e3o em [&hellip;]<\/p>\n","protected":false},"author":3,"featured_media":0,"comment_status":"open","ping_status":"open","sticky":false,"template":"","format":"standard","meta":{"_uag_custom_page_level_css":"","_mi_skip_tracking":false,"footnotes":""},"categories":[914],"tags":[],"class_list":["post-1863","post","type-post","status-publish","format-standard","hentry","category-mormaii"],"acf":[],"uagb_featured_image_src":{"full":false,"thumbnail":false,"medium":false,"medium_large":false,"large":false,"1536x1536":false,"2048x2048":false,"qi_addons_for_elementor_image_size_square":false,"qi_addons_for_elementor_image_size_landscape":false,"qi_addons_for_elementor_image_size_portrait":false,"qi_addons_for_elementor_image_size_huge-square":false},"uagb_author_info":{"display_name":"mormaii_importer","author_link":"https:\/\/www.mormaii.com.br\/site\/author\/mormaii_importer\/"},"uagb_comment_info":0,"uagb_excerpt":"Foi-se o tempo em que as esta\u00e7\u00f5es tinham cartelas de cores nem definidas. O inverno de 2015 abre o leque de escolhas e deixa a regra dos tons s\u00f3brios e escuros de lado. A paix\u00e3o da vez \u00e9 o branco que deixa o visual elegante, j\u00e1 que tem esse apelo chique, independente da esta\u00e7\u00e3o em&hellip;","_links":{"self":[{"href":"https:\/\/www.mormaii.com.br\/site\/wp-json\/wp\/v2\/posts\/1863"}],"collection":[{"href":"https:\/\/www.mormaii.com.br\/site\/wp-json\/wp\/v2\/posts"}],"about":[{"href":"https:\/\/www.mormaii.com.br\/site\/wp-json\/wp\/v2\/types\/post"}],"author":[{"embeddable":true,"href":"https:\/\/www.mormaii.com.br\/site\/wp-json\/wp\/v2\/users\/3"}],"replies":[{"embeddable":true,"href":"https:\/\/www.mormaii.com.br\/site\/wp-json\/wp\/v2\/comments?post=1863"}],"version-history":[{"count":1,"href":"https:\/\/www.mormaii.com.br\/site\/wp-json\/wp\/v2\/posts\/1863\/revisions"}],"predecessor-version":[{"id":58165,"href":"https:\/\/www.mormaii.com.br\/site\/wp-json\/wp\/v2\/posts\/1863\/revisions\/58165"}],"wp:attachment":[{"href":"https:\/\/www.mormaii.com.br\/site\/wp-json\/wp\/v2\/media?parent=1863"}],"wp:term":[{"taxonomy":"category","embeddable":true,"href":"https:\/\/www.mormaii.com.br\/site\/wp-json\/wp\/v2\/categories?post=1863"},{"taxonomy":"post_tag","embeddable":true,"href":"https:\/\/www.mormaii.com.br\/site\/wp-json\/wp\/v2\/tags?post=1863"}],"curies":[{"name":"wp","href":"https:\/\/api.w.org\/{rel}","templated":true}]}}