{"id":1898,"date":"2016-04-04T13:33:38","date_gmt":"2016-04-04T13:33:38","guid":{"rendered":"http:\/\/www.mormaii.com.br\/site\/?p=1898"},"modified":"2022-06-10T10:29:35","modified_gmt":"2022-06-10T13:29:35","slug":"noticiaskauli-seadi-velejando-no-hawaii","status":"publish","type":"post","link":"https:\/\/www.mormaii.com.br\/site\/noticiaskauli-seadi-velejando-no-hawaii\/","title":{"rendered":"Kauli Seadi velejando no Hawaii"},"content":{"rendered":"<\/p>\n<p class=\"p1\"><a href=\"http:\/\/www.mormaii.com.br\/atletas\/kauli-seadi\" rel=\"nofollow noopener\" target=\"_blank\">Kauli Seadi<\/a> marcou presen\u00e7a durante a temporada havaiana nas ondas perfeitas de Hookipa, ilha de Maui, a Meca do windsurf internacional.<\/p>\n<p class=\"p1\">A passagem do catarinense pelo arquip\u00e9lago sempre chama a aten\u00e7\u00e3o dos fissurados por windsurf, afinal, o tricampe\u00e3o mundial&nbsp;segue como um dos maiores e mais respeitados nomes do esporte.<\/p>\n<p class=\"p1\">No v\u00eddeo abaixo, Kauli veleja com um time de peso, abrindo os trabalhos com seu estilo inconfund\u00edvel e&nbsp;atitude de sobra nas condi\u00e7\u00f5es mais extremas.<\/p>\n<p class=\"p2\">Aperte o play e divirta-se!<\/p>\n<p>[Foto: Thorsten Indra]<\/p>\n","protected":false},"excerpt":{"rendered":"<p>Kauli Seadi marcou presen\u00e7a durante a temporada havaiana nas ondas perfeitas de Hookipa, ilha de Maui, a Meca do windsurf internacional. A passagem do catarinense pelo arquip\u00e9lago sempre chama a aten\u00e7\u00e3o dos fissurados por windsurf, afinal, o tricampe\u00e3o mundial&nbsp;segue como um dos maiores e mais respeitados nomes do esporte. No v\u00eddeo abaixo, Kauli veleja com [&hellip;]<\/p>\n","protected":false},"author":3,"featured_media":0,"comment_status":"open","ping_status":"open","sticky":false,"template":"","format":"standard","meta":{"_uag_custom_page_level_css":"","_mi_skip_tracking":false,"footnotes":""},"categories":[914],"tags":[],"class_list":["post-1898","post","type-post","status-publish","format-standard","hentry","category-mormaii"],"acf":[],"uagb_featured_image_src":{"full":false,"thumbnail":false,"medium":false,"medium_large":false,"large":false,"1536x1536":false,"2048x2048":false,"qi_addons_for_elementor_image_size_square":false,"qi_addons_for_elementor_image_size_landscape":false,"qi_addons_for_elementor_image_size_portrait":false,"qi_addons_for_elementor_image_size_huge-square":false},"uagb_author_info":{"display_name":"mormaii_importer","author_link":"https:\/\/www.mormaii.com.br\/site\/author\/mormaii_importer\/"},"uagb_comment_info":0,"uagb_excerpt":"Kauli Seadi marcou presen\u00e7a durante a temporada havaiana nas ondas perfeitas de Hookipa, ilha de Maui, a Meca do windsurf internacional. A passagem do catarinense pelo arquip\u00e9lago sempre chama a aten\u00e7\u00e3o dos fissurados por windsurf, afinal, o tricampe\u00e3o mundial&nbsp;segue como um dos maiores e mais respeitados nomes do esporte. No v\u00eddeo abaixo, Kauli veleja com&hellip;","_links":{"self":[{"href":"https:\/\/www.mormaii.com.br\/site\/wp-json\/wp\/v2\/posts\/1898"}],"collection":[{"href":"https:\/\/www.mormaii.com.br\/site\/wp-json\/wp\/v2\/posts"}],"about":[{"href":"https:\/\/www.mormaii.com.br\/site\/wp-json\/wp\/v2\/types\/post"}],"author":[{"embeddable":true,"href":"https:\/\/www.mormaii.com.br\/site\/wp-json\/wp\/v2\/users\/3"}],"replies":[{"embeddable":true,"href":"https:\/\/www.mormaii.com.br\/site\/wp-json\/wp\/v2\/comments?post=1898"}],"version-history":[{"count":1,"href":"https:\/\/www.mormaii.com.br\/site\/wp-json\/wp\/v2\/posts\/1898\/revisions"}],"predecessor-version":[{"id":57387,"href":"https:\/\/www.mormaii.com.br\/site\/wp-json\/wp\/v2\/posts\/1898\/revisions\/57387"}],"wp:attachment":[{"href":"https:\/\/www.mormaii.com.br\/site\/wp-json\/wp\/v2\/media?parent=1898"}],"wp:term":[{"taxonomy":"category","embeddable":true,"href":"https:\/\/www.mormaii.com.br\/site\/wp-json\/wp\/v2\/categories?post=1898"},{"taxonomy":"post_tag","embeddable":true,"href":"https:\/\/www.mormaii.com.br\/site\/wp-json\/wp\/v2\/tags?post=1898"}],"curies":[{"name":"wp","href":"https:\/\/api.w.org\/{rel}","templated":true}]}}