{"id":1900,"date":"2016-04-04T13:33:38","date_gmt":"2016-04-04T13:33:38","guid":{"rendered":"http:\/\/www.mormaii.com.br\/site\/?p=1900"},"modified":"2022-06-10T10:34:11","modified_gmt":"2022-06-10T13:34:11","slug":"noticiasfestivalma-comeca-hoje-em-sp","status":"publish","type":"post","link":"https:\/\/www.mormaii.com.br\/site\/noticiasfestivalma-comeca-hoje-em-sp\/","title":{"rendered":"Festivalma come\u00e7a hoje em SP"},"content":{"rendered":"<p><\/p>\n<p class=\"p1\">Hoje, dia 11 de junho, \u00e9 a abertura do XI Festivalma, o maior festival de cultura surf do mundo.<\/p>\n<p class=\"p1\">No <a href=\"http:\/\/www.mormaii.com.br\/noticias\/xi-festivalma-or-venha-mostrar-o-seu-lado-artistico-no-stand-da-mormaii\" rel=\"nofollow noopener\" target=\"_blank\">stand da Mormaii<\/a>, haver\u00e1 uma incr\u00edvel intera\u00e7\u00e3o art\u00edstica com a presen\u00e7a&nbsp;de Tom Veiga, que criar\u00e1 uma surfart 100% reciclada, feita com madeiras descartadas das canoas de pesca&nbsp;de Garopaba;&nbsp;<\/p>\n<p class=\"p1\">Quem tamb\u00e9m marcar\u00e1 presen\u00e7a \u00e9&nbsp;o artista&nbsp;Carlos Carpinelli, diretor de cria\u00e7\u00e3o da Mormaii,&nbsp;que ir\u00e1&nbsp;&nbsp;ministrar&nbsp;um workshop de wavepainting.<\/p>\n<p class=\"p1\">O evento&nbsp;contar\u00e1 ainda&nbsp;com a presen\u00e7a de <a href=\"http:\/\/www.mormaii.com.br\/atletas\/carlos-burle\" rel=\"nofollow noopener\" target=\"_blank\">Carlos Burle<\/a> e&nbsp;<a href=\"http:\/\/www.mormaii.com.br\/atletas\/maya-gabeira\" rel=\"nofollow noopener\" target=\"_blank\">Maya Gabeira<\/a>, que ir\u00e3o&nbsp;trocar uma ideia&nbsp;e interagir com a galera.<\/p>\n<p class=\"p1\">Sem falar nos t\u00e3o aguardados&nbsp;shows de&nbsp;Gabriel O Pensador, Makua Rothman e Samuel J.&nbsp;<\/p>\n<p class=\"p1\"><b>Festival Internacional Mormaii de Curta-Metragens Surf e Praia<\/b><\/p>\n<p class=\"p1\">Mais de 50 produ\u00e7\u00f5es audiovisuais foram inscritas e receberam 17 mil votos pela&nbsp;internet, recorde absoluto&nbsp;de participa\u00e7\u00e3o no festival.<\/p>\n<p class=\"p1\">Uma sele\u00e7\u00e3o de jurados especializados analisou os cinco filmes mais pontuados pelos internautas em cada categoria (Curtas-Metragens; Curtas-Document\u00e1rios; Video Selfie), e definiu os vencedores:<\/p>\n<p class=\"p1\"><b>Curtas-Metragens:<\/b>&nbsp;<\/p>\n<p class=\"p1\">1\u00ba Rafael Pasin Corrente Rangel Roma, com <em>Essence &#8211; Binho Nunes<\/em>;&nbsp;<\/p>\n<p class=\"p1\">2\u00ba Fabiano Sperotto, com <em>Miragem<\/em>;&nbsp;<\/p>\n<p class=\"p1\">3\u00ba Henrique Vieira, com <em>Swell Invitation<\/em>.<\/p>\n<p class=\"p1\"><b>Curtas-Document\u00e1rios:<\/b>&nbsp;<\/p>\n<p class=\"p1\">1\u00ba Gustavo Neves, com <em>Entre Rosas e Espinhos<\/em>;&nbsp;<\/p>\n<p class=\"p1\">2\u00ba Petterson Thomaz, com <em>The Nica Days<\/em>;&nbsp;<\/p>\n<p class=\"p1\">3\u00ba Douglas Alvares, com <em>(Dis)connected<\/em>.<\/p>\n<p class=\"p1\"><b>Video Selfie:<\/b>&nbsp;<\/p>\n<p class=\"p1\">1\u00ba Marcelo Alves Pereira Neto, com <em>Bali Bagus, Bem-vindos a Finol\u00e2ndia!<\/em>;&nbsp;<\/p>\n<p class=\"p1\">2\u00ba Rodrigo Martins, <em>Surf GoPro Mo\u00e7amba<\/em>;&nbsp;<\/p>\n<p class=\"p1\">3\u00ba Douglas Siqueira Corr\u00eaa, com <em>Feriado em B\u00fazios &#8211; SUP, praia e divers\u00e3o<\/em>.<\/p>\n<p class=\"p1\">Venha para o Festivalma e viva o melhor da Cultura Surf em S\u00e3o Paulo.&nbsp;<\/p>\n<p class=\"p1\">Para mais informa\u00e7\u00f5es, acesse <a href=\"http:\/\/www.festivalma.com.br\/\" rel=\"nofollow noopener\" target=\"_blank\">www.festivalma.com.br<\/a><\/p>\n","protected":false},"excerpt":{"rendered":"<p>Hoje, dia 11 de junho, \u00e9 a abertura do XI Festivalma, o maior festival de cultura surf do mundo. No stand da Mormaii, haver\u00e1 uma incr\u00edvel intera\u00e7\u00e3o art\u00edstica com a presen\u00e7a&nbsp;de Tom Veiga, que criar\u00e1 uma surfart 100% reciclada, feita com madeiras descartadas das canoas de pesca&nbsp;de Garopaba;&nbsp; Quem tamb\u00e9m marcar\u00e1 presen\u00e7a \u00e9&nbsp;o artista&nbsp;Carlos Carpinelli, [&hellip;]<\/p>\n","protected":false},"author":3,"featured_media":0,"comment_status":"open","ping_status":"open","sticky":false,"template":"","format":"standard","meta":{"_uag_custom_page_level_css":"","_mi_skip_tracking":false,"footnotes":""},"categories":[914],"tags":[],"class_list":["post-1900","post","type-post","status-publish","format-standard","hentry","category-mormaii"],"acf":[],"uagb_featured_image_src":{"full":false,"thumbnail":false,"medium":false,"medium_large":false,"large":false,"1536x1536":false,"2048x2048":false,"qi_addons_for_elementor_image_size_square":false,"qi_addons_for_elementor_image_size_landscape":false,"qi_addons_for_elementor_image_size_portrait":false,"qi_addons_for_elementor_image_size_huge-square":false},"uagb_author_info":{"display_name":"mormaii_importer","author_link":"https:\/\/www.mormaii.com.br\/site\/author\/mormaii_importer\/"},"uagb_comment_info":0,"uagb_excerpt":"Hoje, dia 11 de junho, \u00e9 a abertura do XI Festivalma, o maior festival de cultura surf do mundo. No stand da Mormaii, haver\u00e1 uma incr\u00edvel intera\u00e7\u00e3o art\u00edstica com a presen\u00e7a&nbsp;de Tom Veiga, que criar\u00e1 uma surfart 100% reciclada, feita com madeiras descartadas das canoas de pesca&nbsp;de Garopaba;&nbsp; Quem tamb\u00e9m marcar\u00e1 presen\u00e7a \u00e9&nbsp;o artista&nbsp;Carlos Carpinelli,&hellip;","_links":{"self":[{"href":"https:\/\/www.mormaii.com.br\/site\/wp-json\/wp\/v2\/posts\/1900"}],"collection":[{"href":"https:\/\/www.mormaii.com.br\/site\/wp-json\/wp\/v2\/posts"}],"about":[{"href":"https:\/\/www.mormaii.com.br\/site\/wp-json\/wp\/v2\/types\/post"}],"author":[{"embeddable":true,"href":"https:\/\/www.mormaii.com.br\/site\/wp-json\/wp\/v2\/users\/3"}],"replies":[{"embeddable":true,"href":"https:\/\/www.mormaii.com.br\/site\/wp-json\/wp\/v2\/comments?post=1900"}],"version-history":[{"count":1,"href":"https:\/\/www.mormaii.com.br\/site\/wp-json\/wp\/v2\/posts\/1900\/revisions"}],"predecessor-version":[{"id":57545,"href":"https:\/\/www.mormaii.com.br\/site\/wp-json\/wp\/v2\/posts\/1900\/revisions\/57545"}],"wp:attachment":[{"href":"https:\/\/www.mormaii.com.br\/site\/wp-json\/wp\/v2\/media?parent=1900"}],"wp:term":[{"taxonomy":"category","embeddable":true,"href":"https:\/\/www.mormaii.com.br\/site\/wp-json\/wp\/v2\/categories?post=1900"},{"taxonomy":"post_tag","embeddable":true,"href":"https:\/\/www.mormaii.com.br\/site\/wp-json\/wp\/v2\/tags?post=1900"}],"curies":[{"name":"wp","href":"https:\/\/api.w.org\/{rel}","templated":true}]}}