{"id":1928,"date":"2016-04-04T13:33:38","date_gmt":"2016-04-04T13:33:38","guid":{"rendered":"http:\/\/www.mormaii.com.br\/site\/?p=1928"},"modified":"2022-06-10T10:35:24","modified_gmt":"2022-06-10T13:35:24","slug":"noticiasfabio-gouveia-e-o-dia-internacional-do-surf","status":"publish","type":"post","link":"https:\/\/www.mormaii.com.br\/site\/noticiasfabio-gouveia-e-o-dia-internacional-do-surf\/","title":{"rendered":"F\u00e1bio Gouveia e o Dia Internacional do Surf"},"content":{"rendered":"<p><\/p>\n<p class=\"p1\">Todo dia \u00e9 Dia do Surf. Mas hoje \u00e9 uma data especial. Em 2004, a Surfrider Foundation estabeleceu&nbsp;20 de junho como um s\u00edmbolo de prote\u00e7\u00e3o ambiental, conscientiza\u00e7\u00e3o e celebra\u00e7\u00e3o dos oceanos. A data, pr\u00f3xima do solst\u00edcio de ver\u00e3o no hemisf\u00e9rio norte (e solst\u00edcio de inverno no hemisf\u00e9rio sul), ficou marcada no planeta como o Dia Internacional do Surf.&nbsp;<\/p>\n<p class=\"p1\">Portanto, nesse s\u00e1bado, divida as ondas com a galera, plante uma \u00e1rvore, recolha o lixo da sua praia, ou da sua cidade. Deixe sua marca de boas a\u00e7\u00f5es e perceba como seria melhor se todos os dias pudessem ser assim.<\/p>\n<p class=\"p1\"><a href=\"http:\/\/www.mormaii.com.br\/atletas\/fabio-gouveia\" rel=\"nofollow noopener\" target=\"_blank\">F\u00e1bio Gouveia<\/a>, grande \u00eddolo e exemplo do surf brasileiro, fez a gentileza de nos conceder uma entrevista contando um pouco da sua hist\u00f3ria, a qual se mistura com o desenvolvimento do esporte no pa\u00eds. Boa leitura e boas ondas!&nbsp;<\/p>\n<p class=\"p1\"><strong>Lembra da primeira vez que viu algu\u00e9m surfando?<\/strong>&nbsp;<\/p>\n<p class=\"p1\">Foi nos filmes de sess\u00e3o da tarde, quando era crian\u00e7a. Aqueles em que o Elvis Presley estava sempre cantando e surfando (risos). Mas lembro do Kadu Moliterno&nbsp;na novela&nbsp;e do Rico de Souza em apari\u00e7\u00e3o na Globo, surfando no Arpoador. Esses dois \u00faltimos l\u00e1 por volta de 1981 (risos).<\/p>\n<p class=\"p1\"><strong>Como foi sua primeira onda? Lembra que ano foi?&nbsp;<\/strong><\/p>\n<p class=\"p1\">Foi no ver\u00e3o de 81, com uma prancha de isopor da marca Graruj\u00e1, que meu pai comprou na Mesbla. Remei e j\u00e1 fiquei em p\u00e9 na primeira. Fui at\u00e9 a beirinha e voltei remando rapidamente pra pegar outra. Amor a primeira, segunda, terceira e todas as vistas (risos). Tempos depois ganhei uma de fibra, pois a Guaruj\u00e1 quebrou ao meio rapidinho.<\/p>\n<p class=\"p1\"><strong>O que sua fam\u00edlia pensava sobre voc\u00ea ser um surfista?&nbsp;<\/strong><\/p>\n<p class=\"p1\">No in\u00edcio, o esporte ainda era marginalizado e apesar deles n\u00e3o demonstrarem muita preocupa\u00e7\u00e3o, no fundo deviam estar bem preocupados. Mas tudo se encaixou e obtive apoio deles, pois viram que queria aquilo pra minha vida, at\u00e9 porque, n\u00e3o saia de dentro d\u2019\u00e1gua e vencia muitos campeonatos amadores.<\/p>\n<p class=\"p1\"><strong>Qual o campeonato que voc\u00ea venceu que considera que mudou sua carreira e o transformou em um surfista profissional?&nbsp;<\/strong><\/p>\n<p class=\"p1\">Foi uma etapa do interc\u00e2mbio Brasil x EUA. O Piu Pereira foi campe\u00e3o e eu fui vice. Mas por ter ganhado a segunda etapa, foi meu passaporte pra aprender a ganhar eventos. Depois disso, venci tr\u00eas etapas do circuito amador e fui campe\u00e3o do circuito ao final daquele ano de 87. Na sequ\u00eancia, fui pro Mundial de Porto Rico (1988) e essa vit\u00f3ria&nbsp;foi meu cart\u00e3o de visitas e passaporte pro circuito mundial profissional.<\/p>\n<p class=\"p1\"><strong>Quais os 3 principais t\u00edtulos da sua carreira, na sua opini\u00e3o?&nbsp;<\/strong><\/p>\n<p class=\"p1\">Mundial de Porto Rico, dois t\u00edtulos brasileiros (1998 e 2005) e o t\u00edtulo do WQS em 19998.<\/p>\n<p class=\"p1\"><strong>Qual a sensa\u00e7\u00e3o de ver&nbsp;seu filho, Ian Gouveia, seguindo seus passos no surf competi\u00e7\u00e3o?<\/strong>&nbsp;<\/p>\n<p class=\"p1\">Muito legal. Mas se ele apenas fosse surfista, j\u00e1 estaria muito feliz, pois sei dos benef\u00edcios do esporte para a vida.<\/p>\n<p class=\"p1\"><strong>E o que o surf significa na sua vida?&nbsp;<\/strong><\/p>\n<p class=\"p1\">Minha profiss\u00e3o, meu bem estar, minha terapia, meu foco, meu rumo&#8230;<\/p>\n<p class=\"p1\"><strong>Voc\u00ea, seus tr\u00eas filhos e sua esposa pegam onda juntos. Fam\u00edlia que surfa unida \u00e9 mais feliz?&nbsp;<\/strong><\/p>\n<p class=\"p1\">J\u00e1 nos divertimos muito juntos. E, com certeza, ter a turma unida traz felicidade e bem estar. \u00c9 sempre uma alegria quando consigo estar com todos na \u00e1gua em um mesmo momento.<\/p>\n<p class=\"p1\"><strong>Gostaria de deixar uma mensagem pra galera nesse Dia Internacional do Surf?&nbsp;<\/strong><\/p>\n<p class=\"p1\">O surf \u00e9 um esporte \u00fanico pra quem se identifica. E esses que se identificam e praticam s\u00e3o muito felizes. A harmonia dentro \u00e1gua combina com a natureza, ou seja, para os praticantes o fato de manter boas rela\u00e7\u00f5es s\u00f3 faz a sess\u00e3o mais prazerosa. Aloha!<\/p>\n<p>[Foto: James Thisted]<\/p>\n","protected":false},"excerpt":{"rendered":"<p>Todo dia \u00e9 Dia do Surf. Mas hoje \u00e9 uma data especial. Em 2004, a Surfrider Foundation estabeleceu&nbsp;20 de junho como um s\u00edmbolo de prote\u00e7\u00e3o ambiental, conscientiza\u00e7\u00e3o e celebra\u00e7\u00e3o dos oceanos. A data, pr\u00f3xima do solst\u00edcio de ver\u00e3o no hemisf\u00e9rio norte (e solst\u00edcio de inverno no hemisf\u00e9rio sul), ficou marcada no planeta como o Dia [&hellip;]<\/p>\n","protected":false},"author":3,"featured_media":0,"comment_status":"open","ping_status":"open","sticky":false,"template":"","format":"standard","meta":{"_uag_custom_page_level_css":"","_mi_skip_tracking":false,"footnotes":""},"categories":[914],"tags":[],"class_list":["post-1928","post","type-post","status-publish","format-standard","hentry","category-mormaii"],"acf":[],"uagb_featured_image_src":{"full":false,"thumbnail":false,"medium":false,"medium_large":false,"large":false,"1536x1536":false,"2048x2048":false,"qi_addons_for_elementor_image_size_square":false,"qi_addons_for_elementor_image_size_landscape":false,"qi_addons_for_elementor_image_size_portrait":false,"qi_addons_for_elementor_image_size_huge-square":false},"uagb_author_info":{"display_name":"mormaii_importer","author_link":"https:\/\/www.mormaii.com.br\/site\/author\/mormaii_importer\/"},"uagb_comment_info":0,"uagb_excerpt":"Todo dia \u00e9 Dia do Surf. Mas hoje \u00e9 uma data especial. Em 2004, a Surfrider Foundation estabeleceu&nbsp;20 de junho como um s\u00edmbolo de prote\u00e7\u00e3o ambiental, conscientiza\u00e7\u00e3o e celebra\u00e7\u00e3o dos oceanos. A data, pr\u00f3xima do solst\u00edcio de ver\u00e3o no hemisf\u00e9rio norte (e solst\u00edcio de inverno no hemisf\u00e9rio sul), ficou marcada no planeta como o Dia&hellip;","_links":{"self":[{"href":"https:\/\/www.mormaii.com.br\/site\/wp-json\/wp\/v2\/posts\/1928"}],"collection":[{"href":"https:\/\/www.mormaii.com.br\/site\/wp-json\/wp\/v2\/posts"}],"about":[{"href":"https:\/\/www.mormaii.com.br\/site\/wp-json\/wp\/v2\/types\/post"}],"author":[{"embeddable":true,"href":"https:\/\/www.mormaii.com.br\/site\/wp-json\/wp\/v2\/users\/3"}],"replies":[{"embeddable":true,"href":"https:\/\/www.mormaii.com.br\/site\/wp-json\/wp\/v2\/comments?post=1928"}],"version-history":[{"count":1,"href":"https:\/\/www.mormaii.com.br\/site\/wp-json\/wp\/v2\/posts\/1928\/revisions"}],"predecessor-version":[{"id":57586,"href":"https:\/\/www.mormaii.com.br\/site\/wp-json\/wp\/v2\/posts\/1928\/revisions\/57586"}],"wp:attachment":[{"href":"https:\/\/www.mormaii.com.br\/site\/wp-json\/wp\/v2\/media?parent=1928"}],"wp:term":[{"taxonomy":"category","embeddable":true,"href":"https:\/\/www.mormaii.com.br\/site\/wp-json\/wp\/v2\/categories?post=1928"},{"taxonomy":"post_tag","embeddable":true,"href":"https:\/\/www.mormaii.com.br\/site\/wp-json\/wp\/v2\/tags?post=1928"}],"curies":[{"name":"wp","href":"https:\/\/api.w.org\/{rel}","templated":true}]}}