{"id":1947,"date":"2016-04-04T13:33:38","date_gmt":"2016-04-04T13:33:38","guid":{"rendered":"http:\/\/www.mormaii.com.br\/site\/?p=1947"},"modified":"2022-06-10T10:45:25","modified_gmt":"2022-06-10T13:45:25","slug":"noticiasblog-fitness-or-metodo-mormaii-no-dia-a-dia","status":"publish","type":"post","link":"https:\/\/www.mormaii.com.br\/site\/noticiasblog-fitness-or-metodo-mormaii-no-dia-a-dia\/","title":{"rendered":"Blog Fitness | M\u00e9todo mormaii no Dia a Dia"},"content":{"rendered":"<p><\/p>\n<p>Muitos profissionais de Educa\u00e7\u00e3o F\u00edsica e Fisioterapia t\u00eam d\u00favidas sobre como utilizar o M\u00e9todo Integrado Mormaii Fitness no dia a dia de trabalho.<\/p>\n<p>Se voc\u00ea tem essa d\u00favida, olha s\u00f3 a opini\u00e3o da fisioterapeuta Greice Serraglio, a 1\u00aa profissional certificada pelo M\u00e9todo Integrado Mormaii Fitness, sobre como a metodologia mudou \u2013 e muito- na sua cl\u00ednica de fisioterapia. <\/p>\n<p>\u201cO M\u00e9todo Integrado Mormaii acrescentou de forma muito positiva no meu trabalho como fisioterapeuta, pois \u00e9 comum eu encontrar no meu dia a dia pacientes com grandes desequil\u00edbrios musculares e articulares, como encurtamento, rigidez, hipomobilidade, articula\u00e7\u00f5es pouco funcionais e assimetrias. \u00c9 importante que eu olhe para o meu paciente como um topo e consiga ver al\u00e9m desses desequil\u00edbrios e assimetrias e, para mim, esses \u00e9 um grande diferencial da metodologia Mormaii. O tempo todo busca reorganizar o sistema, promover o equil\u00edbrio muscular e articular com um bom programa que integra sempre exerc\u00edcios corretivos de mobilidade e estabilidade. <\/p>\n<p>Por meio de um bom planejamento de ensino, tanto pelos aspectos te\u00f3ricos quanto pela pr\u00e1tica, o m\u00e9todo tem contribu\u00eddo muito para a qualidade do meu desempenho profissional, que com muito embasamento, me permite atuar na reabilita\u00e7\u00e3o, na promo\u00e7\u00e3o da sa\u00fade, na preven\u00e7\u00e3o de les\u00f5es e de novas patologias de uma forma n\u00e3o convencional, segura, divertida, eficiente e que por meio de aulas de progress\u00e3o inteligente trabalha e desenvolve as capacidades f\u00edsicas de todos os indiv\u00edduos. \u00c9 uma ferramenta que, como profissional e praticante do m\u00e9todo, eu recomendo, pois os resultados s\u00e3o muito satisfat\u00f3rios\u201d.<\/p>\n<p><strong>Curtiu? <a href=\"http:\/\/fitness.mormaii.com.br\/cursos\/?id_ad=4587&amp;utm_source=Site&amp;utm_medium=SITE-MII_Cursos-20160720-depoimento-greice-mormaii&amp;utm_campaign=Cursos\" rel=\"nofollow noopener\" target=\"_blank\">Clique aqui<\/a> e garanta a sua vaga no curso do M\u00e9todo Integrado Mormaii Fitness.<\/strong><\/p>\n","protected":false},"excerpt":{"rendered":"<p>Muitos profissionais de Educa\u00e7\u00e3o F\u00edsica e Fisioterapia t\u00eam d\u00favidas sobre como utilizar o M\u00e9todo Integrado Mormaii Fitness no dia a dia de trabalho. Se voc\u00ea tem essa d\u00favida, olha s\u00f3 a opini\u00e3o da fisioterapeuta Greice Serraglio, a 1\u00aa profissional certificada pelo M\u00e9todo Integrado Mormaii Fitness, sobre como a metodologia mudou \u2013 e muito- na sua [&hellip;]<\/p>\n","protected":false},"author":3,"featured_media":0,"comment_status":"open","ping_status":"open","sticky":false,"template":"","format":"standard","meta":{"_uag_custom_page_level_css":"","_mi_skip_tracking":false,"footnotes":""},"categories":[914],"tags":[],"class_list":["post-1947","post","type-post","status-publish","format-standard","hentry","category-mormaii"],"acf":[],"uagb_featured_image_src":{"full":false,"thumbnail":false,"medium":false,"medium_large":false,"large":false,"1536x1536":false,"2048x2048":false,"qi_addons_for_elementor_image_size_square":false,"qi_addons_for_elementor_image_size_landscape":false,"qi_addons_for_elementor_image_size_portrait":false,"qi_addons_for_elementor_image_size_huge-square":false},"uagb_author_info":{"display_name":"mormaii_importer","author_link":"https:\/\/www.mormaii.com.br\/site\/author\/mormaii_importer\/"},"uagb_comment_info":0,"uagb_excerpt":"Muitos profissionais de Educa\u00e7\u00e3o F\u00edsica e Fisioterapia t\u00eam d\u00favidas sobre como utilizar o M\u00e9todo Integrado Mormaii Fitness no dia a dia de trabalho. Se voc\u00ea tem essa d\u00favida, olha s\u00f3 a opini\u00e3o da fisioterapeuta Greice Serraglio, a 1\u00aa profissional certificada pelo M\u00e9todo Integrado Mormaii Fitness, sobre como a metodologia mudou \u2013 e muito- na sua&hellip;","_links":{"self":[{"href":"https:\/\/www.mormaii.com.br\/site\/wp-json\/wp\/v2\/posts\/1947"}],"collection":[{"href":"https:\/\/www.mormaii.com.br\/site\/wp-json\/wp\/v2\/posts"}],"about":[{"href":"https:\/\/www.mormaii.com.br\/site\/wp-json\/wp\/v2\/types\/post"}],"author":[{"embeddable":true,"href":"https:\/\/www.mormaii.com.br\/site\/wp-json\/wp\/v2\/users\/3"}],"replies":[{"embeddable":true,"href":"https:\/\/www.mormaii.com.br\/site\/wp-json\/wp\/v2\/comments?post=1947"}],"version-history":[{"count":1,"href":"https:\/\/www.mormaii.com.br\/site\/wp-json\/wp\/v2\/posts\/1947\/revisions"}],"predecessor-version":[{"id":57989,"href":"https:\/\/www.mormaii.com.br\/site\/wp-json\/wp\/v2\/posts\/1947\/revisions\/57989"}],"wp:attachment":[{"href":"https:\/\/www.mormaii.com.br\/site\/wp-json\/wp\/v2\/media?parent=1947"}],"wp:term":[{"taxonomy":"category","embeddable":true,"href":"https:\/\/www.mormaii.com.br\/site\/wp-json\/wp\/v2\/categories?post=1947"},{"taxonomy":"post_tag","embeddable":true,"href":"https:\/\/www.mormaii.com.br\/site\/wp-json\/wp\/v2\/tags?post=1947"}],"curies":[{"name":"wp","href":"https:\/\/api.w.org\/{rel}","templated":true}]}}