{"id":1951,"date":"2016-04-04T13:33:38","date_gmt":"2016-04-04T13:33:38","guid":{"rendered":"http:\/\/www.mormaii.com.br\/site\/?p=1951"},"modified":"2022-06-10T10:37:18","modified_gmt":"2022-06-10T13:37:18","slug":"noticiasdesafio-mormaii-de-ondas-grandes-na-remada-farol-de-santa-marta","status":"publish","type":"post","link":"https:\/\/www.mormaii.com.br\/site\/noticiasdesafio-mormaii-de-ondas-grandes-na-remada-farol-de-santa-marta\/","title":{"rendered":"Desafio Mormaii de Ondas Grandes na Remada &#8211; Farol de Santa Marta"},"content":{"rendered":"<p>O Desafio Mormaii de Ondas Grandes na Remada, acontecer\u00e1 na Praia do Cardoso (SC) e contar\u00e1 com a elite do big surf nacional.&nbsp;O&nbsp;per\u00edodo de espera inaugura hoje (03\/07) e vai at\u00e9 dia 31 de outubro.<\/p>\n<p class=\"p1\">O Cabo de Santa Marta \u00e9 o ponto mais ao leste da costa sul-catarinense e sua posi\u00e7\u00e3o geogr\u00e1fica privilegiada o transforma em um im\u00e3 de swell, absorvendo e potencializando as maiores ondula\u00e7\u00f5es da regi\u00e3o.<\/p>\n<p class=\"p1\">O evento acontecer\u00e1 apenas em condi\u00e7\u00f5es ideais para o o big surf no pico com um tamanho m\u00ednimo previsto de 10 p\u00e9s.&nbsp;<\/p>\n<p class=\"p1\">Devido ao formato de competic\u00e3o, com apenas um dia de provas (baseado no Big Wave World Tour &#8211; Circuito Mundial de Ondas Grandes)&nbsp;o campeonato conta&nbsp;apenas com atletas convidados.&nbsp;<\/p>\n<p class=\"p1\">A lista mesclou os maiores nomes brasileiros do surf de ondas grandes com big riders locais.<\/p>\n<p class=\"p1\">Para a log\u00edstica e seguran\u00e7a, o evento contar\u00e1 com o apoio da Surf Resgate e Lais de Guia, empresas especializadas em servi\u00e7os n\u00e1uticos.&nbsp;<\/p>\n<p class=\"p1\">A organiza\u00e7\u00e3o fica por conta das associa\u00e7\u00f5es de surf e tow in do Farol de Santa Marta&nbsp;e de Jaguaruna, ASTFSM e ATOW-INJ, respectivamente.<\/p>\n<p class=\"p1\">Al\u00e9m do vencedor da competi\u00e7\u00e3o, tamb\u00e9m&nbsp;ser\u00e1 premiado o surfista que dropar a maior onda.<\/p>\n<p class=\"p1\">O campeonato contar\u00e1 com sistema de notas computadorizadas pela Surf Pro, transmiss\u00e3o ao vivo pela internet&nbsp;e dire\u00e7\u00e3o t\u00e9cnica da Confedera\u00e7\u00e3o Brasileira de Surf, encabe\u00e7ada pelo head judge&nbsp;Jord\u00e3o Bailo Junior.<\/p>\n<p class=\"p2\">Lista de Convidados:<\/p>\n<p class=\"p3\"><a href=\"http:\/\/www.mormaii.com.br\/atletas\/carlos-burle\" rel=\"nofollow noopener\" target=\"_blank\">Carlos Burle<\/a>, <a href=\"http:\/\/www.mormaii.com.br\/atletas\/maya-gabeira\" rel=\"nofollow noopener\" target=\"_blank\">Maya Gabeira<\/a>, <a href=\"http:\/\/www.mormaii.com.br\/atletas\/everaldo-pato-teixeira\" rel=\"nofollow noopener\" target=\"_blank\">Everaldo Pato<\/a>, <a href=\"http:\/\/www.mormaii.com.br\/atletas\/sylvio-mancusi\" rel=\"nofollow noopener\" target=\"_blank\">Sylvio Mancusi<\/a>, <a href=\"http:\/\/www.mormaii.com.br\/atletas\/fabio-gouveia\" rel=\"nofollow noopener\" target=\"_blank\">Fabio Gouveia<\/a>, Yuri Soledade, D\u00ea da Barra, F\u00e1bio Carvalho, Rodrigo Resende, Danilo Couto, Aldemir Calunga, Rodrigo Koxa, Paulo Moura, Marcos Monteiro, Pedro Scooby, Felipe Cesarano, Haroldo Ambrosio, Jorge Pacelli, Vitor Farias, Marcio Freire, Lapo Coutinho, Bruno Santos, Alem\u00e3o Maresias, Alex Martins, Joao Baiuka, Rafael Fa\u00edsca, Luis Remor, Andr\u00e9 Paulista, Thiago Jacar\u00e9, Luiz Casagrande, Marcos Moraes, Marcelo Ulyssea, Gabriel Galdino, Alessandro Leonardo e Fabiano Tissot.<\/p>\n","protected":false},"excerpt":{"rendered":"<p>O Desafio Mormaii de Ondas Grandes na Remada, acontecer\u00e1 na Praia do Cardoso (SC) e contar\u00e1 com a elite do big surf nacional.&nbsp;O&nbsp;per\u00edodo de espera inaugura hoje (03\/07) e vai at\u00e9 dia 31 de outubro. O Cabo de Santa Marta \u00e9 o ponto mais ao leste da costa sul-catarinense e sua posi\u00e7\u00e3o geogr\u00e1fica privilegiada o [&hellip;]<\/p>\n","protected":false},"author":3,"featured_media":0,"comment_status":"open","ping_status":"open","sticky":false,"template":"","format":"standard","meta":{"_uag_custom_page_level_css":"","_mi_skip_tracking":false,"footnotes":""},"categories":[914],"tags":[],"class_list":["post-1951","post","type-post","status-publish","format-standard","hentry","category-mormaii"],"acf":[],"uagb_featured_image_src":{"full":false,"thumbnail":false,"medium":false,"medium_large":false,"large":false,"1536x1536":false,"2048x2048":false,"qi_addons_for_elementor_image_size_square":false,"qi_addons_for_elementor_image_size_landscape":false,"qi_addons_for_elementor_image_size_portrait":false,"qi_addons_for_elementor_image_size_huge-square":false},"uagb_author_info":{"display_name":"mormaii_importer","author_link":"https:\/\/www.mormaii.com.br\/site\/author\/mormaii_importer\/"},"uagb_comment_info":0,"uagb_excerpt":"O Desafio Mormaii de Ondas Grandes na Remada, acontecer\u00e1 na Praia do Cardoso (SC) e contar\u00e1 com a elite do big surf nacional.&nbsp;O&nbsp;per\u00edodo de espera inaugura hoje (03\/07) e vai at\u00e9 dia 31 de outubro. O Cabo de Santa Marta \u00e9 o ponto mais ao leste da costa sul-catarinense e sua posi\u00e7\u00e3o geogr\u00e1fica privilegiada o&hellip;","_links":{"self":[{"href":"https:\/\/www.mormaii.com.br\/site\/wp-json\/wp\/v2\/posts\/1951"}],"collection":[{"href":"https:\/\/www.mormaii.com.br\/site\/wp-json\/wp\/v2\/posts"}],"about":[{"href":"https:\/\/www.mormaii.com.br\/site\/wp-json\/wp\/v2\/types\/post"}],"author":[{"embeddable":true,"href":"https:\/\/www.mormaii.com.br\/site\/wp-json\/wp\/v2\/users\/3"}],"replies":[{"embeddable":true,"href":"https:\/\/www.mormaii.com.br\/site\/wp-json\/wp\/v2\/comments?post=1951"}],"version-history":[{"count":1,"href":"https:\/\/www.mormaii.com.br\/site\/wp-json\/wp\/v2\/posts\/1951\/revisions"}],"predecessor-version":[{"id":57668,"href":"https:\/\/www.mormaii.com.br\/site\/wp-json\/wp\/v2\/posts\/1951\/revisions\/57668"}],"wp:attachment":[{"href":"https:\/\/www.mormaii.com.br\/site\/wp-json\/wp\/v2\/media?parent=1951"}],"wp:term":[{"taxonomy":"category","embeddable":true,"href":"https:\/\/www.mormaii.com.br\/site\/wp-json\/wp\/v2\/categories?post=1951"},{"taxonomy":"post_tag","embeddable":true,"href":"https:\/\/www.mormaii.com.br\/site\/wp-json\/wp\/v2\/tags?post=1951"}],"curies":[{"name":"wp","href":"https:\/\/api.w.org\/{rel}","templated":true}]}}