{"id":1960,"date":"2016-04-04T13:33:38","date_gmt":"2016-04-04T13:33:38","guid":{"rendered":"http:\/\/www.mormaii.com.br\/site\/?p=1960"},"modified":"2022-06-10T10:48:50","modified_gmt":"2022-06-10T13:48:50","slug":"noticiasblog-de-moda-or-little-black-dress","status":"publish","type":"post","link":"https:\/\/www.mormaii.com.br\/site\/noticiasblog-de-moda-or-little-black-dress\/","title":{"rendered":"Blog de moda | Little black dress"},"content":{"rendered":"<p><\/p>\n<p>O pretinho b\u00e1sico \u00e9 sempre uma op\u00e7\u00e3o certeira para todas as ocasi\u00f5es. N\u00e3o h\u00e1 mulher que n\u00e3o tenha um no arm\u00e1rio. A hist\u00f3ria desta pe\u00e7a cl\u00e1ssica come\u00e7ou no in\u00edcio do s\u00e9culo 20, com o decorrer da Primeira Guerra Mundial e a gripe espanhola. Nesta \u00e9poca, os vestidos pretos significavam luto e invadiram o guarda-roupa feminino. <\/p>\n<p>Mas foi Coco Chanel que enxergou o potencial est\u00e9tico e comercial da pe\u00e7a. Em 1926 ela criou o modelo Ford, um tubinho de cintura baixa, super simples, que foi um dos maiores sucessos da \u00e9poca. <\/p>\n<p>  O conceito pegou e at\u00e9 hoje n\u00e3o h\u00e1 estilista que n\u00e3o tenha criado o seu pretinho b\u00e1sico. Assim como n\u00e3o h\u00e1 mulher que n\u00e3o adore a praticidade da pe\u00e7a.<\/p>\n<p><a href=\"http:\/\/www.mormaii.com.br\/produtos\/vestido-neoprene-com-renda\" rel=\"nofollow noopener\" target=\"_blank\">Acesse  aqui e conhe\u00e7a mais no site.<\/a><\/p>\n","protected":false},"excerpt":{"rendered":"<p>O pretinho b\u00e1sico \u00e9 sempre uma op\u00e7\u00e3o certeira para todas as ocasi\u00f5es. N\u00e3o h\u00e1 mulher que n\u00e3o tenha um no arm\u00e1rio. A hist\u00f3ria desta pe\u00e7a cl\u00e1ssica come\u00e7ou no in\u00edcio do s\u00e9culo 20, com o decorrer da Primeira Guerra Mundial e a gripe espanhola. Nesta \u00e9poca, os vestidos pretos significavam luto e invadiram o guarda-roupa feminino. [&hellip;]<\/p>\n","protected":false},"author":3,"featured_media":0,"comment_status":"open","ping_status":"open","sticky":false,"template":"","format":"standard","meta":{"_uag_custom_page_level_css":"","_mi_skip_tracking":false,"footnotes":""},"categories":[914],"tags":[],"class_list":["post-1960","post","type-post","status-publish","format-standard","hentry","category-mormaii"],"acf":[],"uagb_featured_image_src":{"full":false,"thumbnail":false,"medium":false,"medium_large":false,"large":false,"1536x1536":false,"2048x2048":false,"qi_addons_for_elementor_image_size_square":false,"qi_addons_for_elementor_image_size_landscape":false,"qi_addons_for_elementor_image_size_portrait":false,"qi_addons_for_elementor_image_size_huge-square":false},"uagb_author_info":{"display_name":"mormaii_importer","author_link":"https:\/\/www.mormaii.com.br\/site\/author\/mormaii_importer\/"},"uagb_comment_info":0,"uagb_excerpt":"O pretinho b\u00e1sico \u00e9 sempre uma op\u00e7\u00e3o certeira para todas as ocasi\u00f5es. N\u00e3o h\u00e1 mulher que n\u00e3o tenha um no arm\u00e1rio. A hist\u00f3ria desta pe\u00e7a cl\u00e1ssica come\u00e7ou no in\u00edcio do s\u00e9culo 20, com o decorrer da Primeira Guerra Mundial e a gripe espanhola. Nesta \u00e9poca, os vestidos pretos significavam luto e invadiram o guarda-roupa feminino.&hellip;","_links":{"self":[{"href":"https:\/\/www.mormaii.com.br\/site\/wp-json\/wp\/v2\/posts\/1960"}],"collection":[{"href":"https:\/\/www.mormaii.com.br\/site\/wp-json\/wp\/v2\/posts"}],"about":[{"href":"https:\/\/www.mormaii.com.br\/site\/wp-json\/wp\/v2\/types\/post"}],"author":[{"embeddable":true,"href":"https:\/\/www.mormaii.com.br\/site\/wp-json\/wp\/v2\/users\/3"}],"replies":[{"embeddable":true,"href":"https:\/\/www.mormaii.com.br\/site\/wp-json\/wp\/v2\/comments?post=1960"}],"version-history":[{"count":1,"href":"https:\/\/www.mormaii.com.br\/site\/wp-json\/wp\/v2\/posts\/1960\/revisions"}],"predecessor-version":[{"id":58163,"href":"https:\/\/www.mormaii.com.br\/site\/wp-json\/wp\/v2\/posts\/1960\/revisions\/58163"}],"wp:attachment":[{"href":"https:\/\/www.mormaii.com.br\/site\/wp-json\/wp\/v2\/media?parent=1960"}],"wp:term":[{"taxonomy":"category","embeddable":true,"href":"https:\/\/www.mormaii.com.br\/site\/wp-json\/wp\/v2\/categories?post=1960"},{"taxonomy":"post_tag","embeddable":true,"href":"https:\/\/www.mormaii.com.br\/site\/wp-json\/wp\/v2\/tags?post=1960"}],"curies":[{"name":"wp","href":"https:\/\/api.w.org\/{rel}","templated":true}]}}