{"id":1962,"date":"2016-04-04T13:33:38","date_gmt":"2016-04-04T13:33:38","guid":{"rendered":"http:\/\/www.mormaii.com.br\/site\/?p=1962"},"modified":"2022-06-10T10:40:43","modified_gmt":"2022-06-10T13:40:43","slug":"noticiascarlos-burle-sofre-acidente-surfando-no-rio","status":"publish","type":"post","link":"https:\/\/www.mormaii.com.br\/site\/noticiascarlos-burle-sofre-acidente-surfando-no-rio\/","title":{"rendered":"Carlos Burle sofre acidente surfando no Rio"},"content":{"rendered":"<p>Na \u00faltima segunda-feira (06\/07),&nbsp;<a href=\"http:\/\/admin.mormaii.com.br\/atletas\/carlos-burle\" rel=\"nofollow noopener\" target=\"_blank\">Carlos Burle<\/a> sofreu um acidente enquanto treinava com <a href=\"http:\/\/admin.mormaii.com.br\/atletas\/maya-gabeira\" rel=\"nofollow noopener\" target=\"_blank\">Maya Gabeira<\/a> na Barra da Tijuca.&nbsp;<\/p>\n<p class=\"p1\">Ele surfava ondas de 2 a 3 metros com boas condi\u00e7\u00f5es e, ao entrar em um tubo, a prancha soltou do seu p\u00e9 e acabou acertando o pesco\u00e7o e o rosto do big rider, que por pouco n\u00e3o desmaiou.<\/p>\n<p class=\"p1\">O pernambucano \u00e9 um dos principais surfistas de ondas grandes do planeta e garante que usou toda sua experi\u00eancia para manter a consci\u00eancia durante os momentos mais cr\u00edticos, logo ap\u00f3s o impacto.<\/p>\n<p class=\"p3\">\u201cApesar de surfar ondas enormes pelo mundo, poderia ter morrido hoje na frente de casa! Tomei essa pancada muito forte da prancha e quase apaguei. Demorou um tempo para que voltasse ao normal. A respira\u00e7\u00e3o ficou dif\u00edcil, o corpo ficou mais lento&#8230; Ali\u00e1s, o tempo ficou mais lento, parecia estar em slow motion\u201d, revela.<\/p>\n<p class=\"p3\">Um dos agravantes nesse caso \u00e9 o fato da prancha de tow in ser mais pesada e r\u00edgida que as pranchinhas normais, para poder comportar a velocidade do jet ski e a press\u00e3o das ondas grandes.<\/p>\n<p class=\"p4\">Para Carlos Burle, treinar em condi\u00e7\u00f5es menores comparadas as que ir\u00e1 enfrentar em um dia realmente gigante, \u00e9 a forma de manter-se preparado para os momentos cruciais que enfrenta ao longo de sua vida.<\/p>\n<p class=\"p1\">At\u00e9 porque, a expectativa para o final do ano \u00e9 um poss\u00edvel retorno com Maya Gabeira a Nazar\u00e9, em Portugal, onde a surfista passou por s\u00e9rios apuros&nbsp;e Burle surfou a maior onda da sua vida, em 2013.&nbsp;<\/p>\n<p class=\"p1\">&#8220;Maya e eu estamos super focados e treinando muito para um reencontro com Nazar\u00e9. Aquele lugar \u00e9 incr\u00edvel e merece toda nossa admira\u00e7\u00e3o e respeito! As expectativas para essa temporada s\u00e3o excelentes, temos um ano em que o fen\u00f4meno El Ni\u00f1o deve vir mais forte, o que significa ondas grandes e boas condi\u00e7\u00f5es\u201d, concluiu.&nbsp;<\/p>\n<p class=\"p1\">Abaixo, voc\u00ea assiste ao v\u00eddeo do acidente com Carlos Burle e o momento exato da pancada.<\/p>\n<p class=\"p1\"><\/p>\n<p class=\"p2\"><iframe loading=\"lazy\" width=\"800\" height=\"450\" src=\"https:\/\/www.youtube.com\/embed\/6W1Hyg2xH1g?rel=0&amp;showinfo=0\" frameborder=\"0\" allowfullscreen=\"\" style=\"line-height: 18.2000007629395px; color: inherit;\"><\/iframe><\/p>\n<p class=\"p2\">[Imagens: Arquivo pessoal]<\/p>\n","protected":false},"excerpt":{"rendered":"<p>Na \u00faltima segunda-feira (06\/07),&nbsp;Carlos Burle sofreu um acidente enquanto treinava com Maya Gabeira na Barra da Tijuca.&nbsp; Ele surfava ondas de 2 a 3 metros com boas condi\u00e7\u00f5es e, ao entrar em um tubo, a prancha soltou do seu p\u00e9 e acabou acertando o pesco\u00e7o e o rosto do big rider, que por pouco n\u00e3o [&hellip;]<\/p>\n","protected":false},"author":3,"featured_media":0,"comment_status":"open","ping_status":"open","sticky":false,"template":"","format":"standard","meta":{"_uag_custom_page_level_css":"","_mi_skip_tracking":false,"footnotes":""},"categories":[914],"tags":[],"class_list":["post-1962","post","type-post","status-publish","format-standard","hentry","category-mormaii"],"acf":[],"uagb_featured_image_src":{"full":false,"thumbnail":false,"medium":false,"medium_large":false,"large":false,"1536x1536":false,"2048x2048":false,"qi_addons_for_elementor_image_size_square":false,"qi_addons_for_elementor_image_size_landscape":false,"qi_addons_for_elementor_image_size_portrait":false,"qi_addons_for_elementor_image_size_huge-square":false},"uagb_author_info":{"display_name":"mormaii_importer","author_link":"https:\/\/www.mormaii.com.br\/site\/author\/mormaii_importer\/"},"uagb_comment_info":0,"uagb_excerpt":"Na \u00faltima segunda-feira (06\/07),&nbsp;Carlos Burle sofreu um acidente enquanto treinava com Maya Gabeira na Barra da Tijuca.&nbsp; Ele surfava ondas de 2 a 3 metros com boas condi\u00e7\u00f5es e, ao entrar em um tubo, a prancha soltou do seu p\u00e9 e acabou acertando o pesco\u00e7o e o rosto do big rider, que por pouco n\u00e3o&hellip;","_links":{"self":[{"href":"https:\/\/www.mormaii.com.br\/site\/wp-json\/wp\/v2\/posts\/1962"}],"collection":[{"href":"https:\/\/www.mormaii.com.br\/site\/wp-json\/wp\/v2\/posts"}],"about":[{"href":"https:\/\/www.mormaii.com.br\/site\/wp-json\/wp\/v2\/types\/post"}],"author":[{"embeddable":true,"href":"https:\/\/www.mormaii.com.br\/site\/wp-json\/wp\/v2\/users\/3"}],"replies":[{"embeddable":true,"href":"https:\/\/www.mormaii.com.br\/site\/wp-json\/wp\/v2\/comments?post=1962"}],"version-history":[{"count":1,"href":"https:\/\/www.mormaii.com.br\/site\/wp-json\/wp\/v2\/posts\/1962\/revisions"}],"predecessor-version":[{"id":57749,"href":"https:\/\/www.mormaii.com.br\/site\/wp-json\/wp\/v2\/posts\/1962\/revisions\/57749"}],"wp:attachment":[{"href":"https:\/\/www.mormaii.com.br\/site\/wp-json\/wp\/v2\/media?parent=1962"}],"wp:term":[{"taxonomy":"category","embeddable":true,"href":"https:\/\/www.mormaii.com.br\/site\/wp-json\/wp\/v2\/categories?post=1962"},{"taxonomy":"post_tag","embeddable":true,"href":"https:\/\/www.mormaii.com.br\/site\/wp-json\/wp\/v2\/tags?post=1962"}],"curies":[{"name":"wp","href":"https:\/\/api.w.org\/{rel}","templated":true}]}}