{"id":1966,"date":"2016-04-04T13:33:38","date_gmt":"2016-04-04T13:33:38","guid":{"rendered":"http:\/\/www.mormaii.com.br\/site\/?p=1966"},"modified":"2022-06-10T10:36:33","modified_gmt":"2022-06-10T13:36:33","slug":"noticiase-ano-de-el-nino-fique-ligado-na-previsao-de-ondas-mormaii","status":"publish","type":"post","link":"https:\/\/www.mormaii.com.br\/site\/noticiase-ano-de-el-nino-fique-ligado-na-previsao-de-ondas-mormaii\/","title":{"rendered":"\u00c9 ano de El Ni\u00f1o, fique ligado na previs\u00e3o de ondas Mormaii"},"content":{"rendered":"<p>A temperatura das \u00e1guas do Oceano Pac\u00edfico equatorial est\u00e1 mais elevada que o normal em todos os setores, especialmente nas \u00e1reas mais pr\u00f3ximas da costa da Am\u00e9rica do Sul.&nbsp;<\/p>\n<p class=\"p1\">O atual padr\u00e3o de temperatura do Pac\u00edfico e as consequ\u00eancias na atmosfera indicam a presen\u00e7a de um fen\u00f4meno El Ni\u00f1o cl\u00e1ssico, padr\u00e3o que dever\u00e1 prosseguir durante o inverno do hemisf\u00e9rio sul.&nbsp;<\/p>\n<p class=\"p1\">Caracter\u00edsticas atmosf\u00e9ricas e oce\u00e2nicas em todo mundo refletem um&nbsp;El Ni\u00f1o&nbsp;cont\u00ednuo&nbsp;e se fortalecendo.<\/p>\n<p class=\"p4\">Quase todos os modelos prev\u00eaem que o El Ni\u00f1o continue no ver\u00e3o do hemisf\u00e9rio sul em&nbsp;2016, com muitas m\u00e9dias apontando um evento forte na sua for\u00e7a de pico, ou superior por&nbsp;3 meses.&nbsp;<\/p>\n<p class=\"p4\">Neste momento, o consenso dos meteorologistas \u00e9 a favor de um&nbsp;significativo&nbsp;El Ni\u00f1o.&nbsp;<\/p>\n<p class=\"p4\">No geral, h\u00e1 uma chance maior que 90% que o El Ni\u00f1o v\u00e1&nbsp;continuar at\u00e9 o ver\u00e3o do hemisf\u00e9rio sul em 2016, e em torno de 80% de chance que v\u00e1&nbsp;durar at\u00e9 o outono de 2016.<\/p>\n<p class=\"p4\">No&nbsp;Brasil&nbsp;a varia\u00e7\u00e3o no volume de&nbsp;chuvas&nbsp;depende de cada regi\u00e3o e da intensidade do fen\u00f4meno. A temperatura aumenta na maioria das regi\u00f5es.<\/p>\n<p class=\"p4\"><strong>Regi\u00e3o Norte&nbsp;e&nbsp;Nordeste:<\/strong> Diminui\u00e7\u00e3o de chuvas, causando secas no&nbsp;Sert\u00e3o Nordestino&nbsp;e inc\u00eandios florestais na&nbsp;Amaz\u00f4nia;&nbsp;<\/p>\n<p class=\"p4\"><strong>Regi\u00e3o Sudeste:<\/strong> Aumento da temperatura m\u00e9dia.&nbsp;<\/p>\n<p class=\"p4\"><strong>Regi\u00e3o Sul:<\/strong> Aumento da temperatura m\u00e9dia e da&nbsp;precipita\u00e7\u00e3o, principalmente na&nbsp;primavera&nbsp;e no per\u00edodo entre Maio e Julho.<\/p>\n<p class=\"p4\"><strong>Regi\u00e3o&nbsp;Centro-Oeste:<\/strong> A&nbsp;chuva da primavera torna-se irregular.<\/p>\n<p class=\"p5\">Para os surfistas, a not\u00edcia \u00e9 \u00f3tima, afinal, algumas das melhores temporadas de ondas do planeta aconteceram sob influ\u00eancia do fen\u00f4meno, o que anima os competidores do <a href=\"http:\/\/www.mormaii.com.br\/noticias\/desafio-mormaii-de-ondas-grandes-na-remada-farol-de-santa-marta\" rel=\"nofollow noopener\" target=\"_blank\">Desafio Mormaii de Ondas Grandes na Remada<\/a>, cujo per\u00edodo de espera est\u00e1 aberto at\u00e9 31 de outubro, no farol de Santa Marta, sul de Santa Catarina.<\/p>\n<p class=\"p5\">Resta torcer para que as ondas entrem, mas os estragos naturais mantenha-se afastados.<\/p>\n<p class=\"p5\">Para saber mais sobre o surf na sua regi\u00e3o e como est\u00e3o as condi\u00e7\u00f5es no seu pico favorito, acesse o campo <a href=\"http:\/\/www.mormaii.com.br\/previsao-de-ondas\" rel=\"nofollow noopener\" target=\"_blank\">Previs\u00e3o de Ondas<\/a>, aqui no site da Mormaii.<\/p>\n<p class=\"p3\">[Foto: james Thisted \/\/ Surfista: Carlos Burle em Waimea Bay, Hawaii \/\/ Fonte NOAA]<\/p>\n","protected":false},"excerpt":{"rendered":"<p>A temperatura das \u00e1guas do Oceano Pac\u00edfico equatorial est\u00e1 mais elevada que o normal em todos os setores, especialmente nas \u00e1reas mais pr\u00f3ximas da costa da Am\u00e9rica do Sul.&nbsp; O atual padr\u00e3o de temperatura do Pac\u00edfico e as consequ\u00eancias na atmosfera indicam a presen\u00e7a de um fen\u00f4meno El Ni\u00f1o cl\u00e1ssico, padr\u00e3o que dever\u00e1 prosseguir durante [&hellip;]<\/p>\n","protected":false},"author":3,"featured_media":0,"comment_status":"open","ping_status":"open","sticky":false,"template":"","format":"standard","meta":{"_uag_custom_page_level_css":"","_mi_skip_tracking":false,"footnotes":""},"categories":[914],"tags":[],"class_list":["post-1966","post","type-post","status-publish","format-standard","hentry","category-mormaii"],"acf":[],"uagb_featured_image_src":{"full":false,"thumbnail":false,"medium":false,"medium_large":false,"large":false,"1536x1536":false,"2048x2048":false,"qi_addons_for_elementor_image_size_square":false,"qi_addons_for_elementor_image_size_landscape":false,"qi_addons_for_elementor_image_size_portrait":false,"qi_addons_for_elementor_image_size_huge-square":false},"uagb_author_info":{"display_name":"mormaii_importer","author_link":"https:\/\/www.mormaii.com.br\/site\/author\/mormaii_importer\/"},"uagb_comment_info":0,"uagb_excerpt":"A temperatura das \u00e1guas do Oceano Pac\u00edfico equatorial est\u00e1 mais elevada que o normal em todos os setores, especialmente nas \u00e1reas mais pr\u00f3ximas da costa da Am\u00e9rica do Sul.&nbsp; O atual padr\u00e3o de temperatura do Pac\u00edfico e as consequ\u00eancias na atmosfera indicam a presen\u00e7a de um fen\u00f4meno El Ni\u00f1o cl\u00e1ssico, padr\u00e3o que dever\u00e1 prosseguir durante&hellip;","_links":{"self":[{"href":"https:\/\/www.mormaii.com.br\/site\/wp-json\/wp\/v2\/posts\/1966"}],"collection":[{"href":"https:\/\/www.mormaii.com.br\/site\/wp-json\/wp\/v2\/posts"}],"about":[{"href":"https:\/\/www.mormaii.com.br\/site\/wp-json\/wp\/v2\/types\/post"}],"author":[{"embeddable":true,"href":"https:\/\/www.mormaii.com.br\/site\/wp-json\/wp\/v2\/users\/3"}],"replies":[{"embeddable":true,"href":"https:\/\/www.mormaii.com.br\/site\/wp-json\/wp\/v2\/comments?post=1966"}],"version-history":[{"count":1,"href":"https:\/\/www.mormaii.com.br\/site\/wp-json\/wp\/v2\/posts\/1966\/revisions"}],"predecessor-version":[{"id":57636,"href":"https:\/\/www.mormaii.com.br\/site\/wp-json\/wp\/v2\/posts\/1966\/revisions\/57636"}],"wp:attachment":[{"href":"https:\/\/www.mormaii.com.br\/site\/wp-json\/wp\/v2\/media?parent=1966"}],"wp:term":[{"taxonomy":"category","embeddable":true,"href":"https:\/\/www.mormaii.com.br\/site\/wp-json\/wp\/v2\/categories?post=1966"},{"taxonomy":"post_tag","embeddable":true,"href":"https:\/\/www.mormaii.com.br\/site\/wp-json\/wp\/v2\/tags?post=1966"}],"curies":[{"name":"wp","href":"https:\/\/api.w.org\/{rel}","templated":true}]}}