{"id":1996,"date":"2016-04-04T13:33:38","date_gmt":"2016-04-04T13:33:38","guid":{"rendered":"http:\/\/www.mormaii.com.br\/site\/?p=1996"},"modified":"2022-06-10T10:35:26","modified_gmt":"2022-06-10T13:35:26","slug":"noticiaseveraldo-pato-encara-teahupoo-gigante","status":"publish","type":"post","link":"https:\/\/www.mormaii.com.br\/site\/noticiaseveraldo-pato-encara-teahupoo-gigante\/","title":{"rendered":"Everaldo Pato encara Teahupoo gigante"},"content":{"rendered":"<p><a href=\"http:\/\/www.mormaii.com.br\/atletas\/everaldo-pato-teixeira\" rel=\"nofollow noopener\" target=\"_blank\" style=\"background-color: rgb(255, 255, 255);\">Everaldo Pato Teixeira<\/a> \u00e9 um surfista com muita hist\u00f3ria pra contar.<\/p>\n<p class=\"p1\">O catarinense possui enorme experi\u00eancia em tubos e ondas gigantes e est\u00e1 sempre em busca das maiores ondula\u00e7\u00f5es do planeta.<\/p>\n<p class=\"p1\">Embarcado h\u00e1 meses&nbsp;na Polin\u00e9sia Francesa, produzindo imagens para seus dois programas de TV, Fam\u00edlia Nalu e Psicopato, mais uma vez ele viu sua estrela brilhar ao perceber que um grande swell marchava em dire\u00e7\u00e3o a Teahupoo, no Taiti.<\/p>\n<p class=\"p1\">Por\u00e9m, logo cedo, a galera percebeu que aquele n\u00e3o era um dia &#8220;normal&#8221;, pois as ondas estavam vindo em uma dire\u00e7\u00e3o muito de&nbsp;oeste e&nbsp;fechando com brutalidade&nbsp;na bancada.<\/p>\n<p class=\"p1\">Muitos foram os caldos e fortes as&nbsp;emo\u00e7\u00f5es.<\/p>\n<p class=\"p1\">At\u00e9 mesmo os mais experientes locais reconheceram que aquela n\u00e3o era uma atividade&nbsp;comum de ondas gigantes no pico.<\/p>\n<p class=\"p1\">Se normalmente surfar ali j\u00e1 \u00e9 uma miss\u00e3o de risco, o dia 22 de julho&nbsp;de 2015 ficou marcado como um dos mais sinistros j\u00e1 registrados at\u00e9 hoje no Taiti.&nbsp;<\/p>\n<p class=\"p1\">De qualquer forma,&nbsp;Everaldo Pato estava l\u00e1, botou pra baixo e, mais uma vez, representou o big surf brasileiro em grande estilo.<\/p>\n<p class=\"p1\">\u201cRealmente foi uma das maiores ondula\u00e7\u00f5es&nbsp;que vi&nbsp;em Teahupoo e, sem d\u00favida, essa onda que peguei foi a maior que j\u00e1 surfei aqui\u201d, afirma.&nbsp;<\/p>\n<p class=\"p1\">\u201cInfelizmente, o swell estava muito de oeste e&nbsp;voc\u00ea perdia a no\u00e7\u00e3o de dist\u00e2ncia do pico.&nbsp;<\/p>\n<p class=\"p1\">Essa onda era gigante, acabamos passando um pouco do momento e tive que descer reto.<\/p>\n<p class=\"p1\">Esse tipo de onda, a viol\u00eancia&nbsp;e a velocidade que&nbsp;quebra, \u00e9 inexplic\u00e1vel.<\/p>\n<p class=\"p1\">No final, acabei subindo demais e ca\u00ed, foi a primeira vez que ca\u00ed em uma onda grande aqui em Teahupoo.&nbsp;<\/p>\n<p class=\"p1\">Parece, verdadeiramente, que voc\u00ea est\u00e1 em uma m\u00e1quina de lavar roupa, tive sorte de n\u00e3o bater no reef.&nbsp;<\/p>\n<p class=\"p1\">Mas, no final, foi tudo bem, mais um grande trof\u00e9u para mim, como ca\u00e7ador de ondas grandes, pois esses momentos s\u00e3o \u00fanicos e para o resto da vida&#8221;, comenta.<\/p>\n<p class=\"p1\">&#8220;S\u00f3 para voc\u00ea ter uma ideia de como estava o mar, Raimana, um dos maiores surfista aqui de Teahupoo, tomou duas vacas no dia, acabou n\u00e3o pegando mais nenhuma onda e ficou assistindo de dentro do barco.&nbsp;<\/p>\n<p class=\"p1\">As ondas estavam super perigosas, normalmente j\u00e1 s\u00e3o perigosas, mas ontem estavam ainda mais\u201d, finaliza o big rider.<\/p>\n<p class=\"p2\">Abaixo, voc\u00ea assiste ao v\u00eddeo da onda sinistra surfada pelo Pato, mais uma aventura inesquec\u00edvel&nbsp;para a bagagem desse incr\u00edvel surfista que est\u00e1 sempre representando o Brasil nas maiores e mais perigosas ondas do mundo.&nbsp;<\/p>\n<p class=\"p2\"><\/p>\n<p><iframe loading=\"lazy\" width=\"800\" height=\"450\" src=\"https:\/\/www.youtube.com\/embed\/gS0wqMONsyo?rel=0&amp;showinfo=0\" frameborder=\"0\" allowfullscreen=\"\"><\/iframe><\/p>\n<p class=\"p2\"><\/p>\n<p class=\"p2\">[Foto: Arquivo Psicopato \/\/&nbsp;Imagens: WSL\/Alexey Orlov]<\/p>\n","protected":false},"excerpt":{"rendered":"<p>Everaldo Pato Teixeira \u00e9 um surfista com muita hist\u00f3ria pra contar. O catarinense possui enorme experi\u00eancia em tubos e ondas gigantes e est\u00e1 sempre em busca das maiores ondula\u00e7\u00f5es do planeta. Embarcado h\u00e1 meses&nbsp;na Polin\u00e9sia Francesa, produzindo imagens para seus dois programas de TV, Fam\u00edlia Nalu e Psicopato, mais uma vez ele viu sua estrela [&hellip;]<\/p>\n","protected":false},"author":3,"featured_media":0,"comment_status":"open","ping_status":"open","sticky":false,"template":"","format":"standard","meta":{"_uag_custom_page_level_css":"","_mi_skip_tracking":false,"footnotes":""},"categories":[914],"tags":[],"class_list":["post-1996","post","type-post","status-publish","format-standard","hentry","category-mormaii"],"acf":[],"uagb_featured_image_src":{"full":false,"thumbnail":false,"medium":false,"medium_large":false,"large":false,"1536x1536":false,"2048x2048":false,"qi_addons_for_elementor_image_size_square":false,"qi_addons_for_elementor_image_size_landscape":false,"qi_addons_for_elementor_image_size_portrait":false,"qi_addons_for_elementor_image_size_huge-square":false},"uagb_author_info":{"display_name":"mormaii_importer","author_link":"https:\/\/www.mormaii.com.br\/site\/author\/mormaii_importer\/"},"uagb_comment_info":0,"uagb_excerpt":"Everaldo Pato Teixeira \u00e9 um surfista com muita hist\u00f3ria pra contar. O catarinense possui enorme experi\u00eancia em tubos e ondas gigantes e est\u00e1 sempre em busca das maiores ondula\u00e7\u00f5es do planeta. Embarcado h\u00e1 meses&nbsp;na Polin\u00e9sia Francesa, produzindo imagens para seus dois programas de TV, Fam\u00edlia Nalu e Psicopato, mais uma vez ele viu sua estrela&hellip;","_links":{"self":[{"href":"https:\/\/www.mormaii.com.br\/site\/wp-json\/wp\/v2\/posts\/1996"}],"collection":[{"href":"https:\/\/www.mormaii.com.br\/site\/wp-json\/wp\/v2\/posts"}],"about":[{"href":"https:\/\/www.mormaii.com.br\/site\/wp-json\/wp\/v2\/types\/post"}],"author":[{"embeddable":true,"href":"https:\/\/www.mormaii.com.br\/site\/wp-json\/wp\/v2\/users\/3"}],"replies":[{"embeddable":true,"href":"https:\/\/www.mormaii.com.br\/site\/wp-json\/wp\/v2\/comments?post=1996"}],"version-history":[{"count":1,"href":"https:\/\/www.mormaii.com.br\/site\/wp-json\/wp\/v2\/posts\/1996\/revisions"}],"predecessor-version":[{"id":57598,"href":"https:\/\/www.mormaii.com.br\/site\/wp-json\/wp\/v2\/posts\/1996\/revisions\/57598"}],"wp:attachment":[{"href":"https:\/\/www.mormaii.com.br\/site\/wp-json\/wp\/v2\/media?parent=1996"}],"wp:term":[{"taxonomy":"category","embeddable":true,"href":"https:\/\/www.mormaii.com.br\/site\/wp-json\/wp\/v2\/categories?post=1996"},{"taxonomy":"post_tag","embeddable":true,"href":"https:\/\/www.mormaii.com.br\/site\/wp-json\/wp\/v2\/tags?post=1996"}],"curies":[{"name":"wp","href":"https:\/\/api.w.org\/{rel}","templated":true}]}}