{"id":2006,"date":"2016-04-04T13:33:38","date_gmt":"2016-04-04T13:33:38","guid":{"rendered":"http:\/\/www.mormaii.com.br\/site\/?p=2006"},"modified":"2022-06-10T10:49:11","modified_gmt":"2022-06-10T13:49:11","slug":"noticiasblog-de-moda-or-a-febre-das-espadrilles","status":"publish","type":"post","link":"https:\/\/www.mormaii.com.br\/site\/noticiasblog-de-moda-or-a-febre-das-espadrilles\/","title":{"rendered":"Blog de Moda | A febre das Espadrilles"},"content":{"rendered":"<\/p>\n<p>Desde que a Chanel lan\u00e7ou suas espadrilles, mulheres do mundo inteiro voltaram seus olhos para uma substituta das sapatilhas. Mais confort\u00e1veis, descontra\u00eddas e pr\u00e1ticas, elas vestem para qualquer ocasi\u00e3o: seja para um almo\u00e7o relax no final de semana ou para uma volta na beira da praia. <\/p>\n<p>O combo short jeans+espadrilles \u00e9 o preferido para os momentos de lazer. Mas o vestido n\u00e3o faz feio e leva o sapato at\u00e9 para o escrit\u00f3rio. <\/p>\n<p>Selecionamos alguns looks para voc\u00ea se inpirar e apostar agora mesmo nas espadrilles!<\/p>\n","protected":false},"excerpt":{"rendered":"<p>Desde que a Chanel lan\u00e7ou suas espadrilles, mulheres do mundo inteiro voltaram seus olhos para uma substituta das sapatilhas. Mais confort\u00e1veis, descontra\u00eddas e pr\u00e1ticas, elas vestem para qualquer ocasi\u00e3o: seja para um almo\u00e7o relax no final de semana ou para uma volta na beira da praia. O combo short jeans+espadrilles \u00e9 o preferido para os [&hellip;]<\/p>\n","protected":false},"author":3,"featured_media":0,"comment_status":"open","ping_status":"open","sticky":false,"template":"","format":"standard","meta":{"_uag_custom_page_level_css":"","_mi_skip_tracking":false,"footnotes":""},"categories":[914],"tags":[],"class_list":["post-2006","post","type-post","status-publish","format-standard","hentry","category-mormaii"],"acf":[],"uagb_featured_image_src":{"full":false,"thumbnail":false,"medium":false,"medium_large":false,"large":false,"1536x1536":false,"2048x2048":false,"qi_addons_for_elementor_image_size_square":false,"qi_addons_for_elementor_image_size_landscape":false,"qi_addons_for_elementor_image_size_portrait":false,"qi_addons_for_elementor_image_size_huge-square":false},"uagb_author_info":{"display_name":"mormaii_importer","author_link":"https:\/\/www.mormaii.com.br\/site\/author\/mormaii_importer\/"},"uagb_comment_info":0,"uagb_excerpt":"Desde que a Chanel lan\u00e7ou suas espadrilles, mulheres do mundo inteiro voltaram seus olhos para uma substituta das sapatilhas. Mais confort\u00e1veis, descontra\u00eddas e pr\u00e1ticas, elas vestem para qualquer ocasi\u00e3o: seja para um almo\u00e7o relax no final de semana ou para uma volta na beira da praia. O combo short jeans+espadrilles \u00e9 o preferido para os&hellip;","_links":{"self":[{"href":"https:\/\/www.mormaii.com.br\/site\/wp-json\/wp\/v2\/posts\/2006"}],"collection":[{"href":"https:\/\/www.mormaii.com.br\/site\/wp-json\/wp\/v2\/posts"}],"about":[{"href":"https:\/\/www.mormaii.com.br\/site\/wp-json\/wp\/v2\/types\/post"}],"author":[{"embeddable":true,"href":"https:\/\/www.mormaii.com.br\/site\/wp-json\/wp\/v2\/users\/3"}],"replies":[{"embeddable":true,"href":"https:\/\/www.mormaii.com.br\/site\/wp-json\/wp\/v2\/comments?post=2006"}],"version-history":[{"count":1,"href":"https:\/\/www.mormaii.com.br\/site\/wp-json\/wp\/v2\/posts\/2006\/revisions"}],"predecessor-version":[{"id":58195,"href":"https:\/\/www.mormaii.com.br\/site\/wp-json\/wp\/v2\/posts\/2006\/revisions\/58195"}],"wp:attachment":[{"href":"https:\/\/www.mormaii.com.br\/site\/wp-json\/wp\/v2\/media?parent=2006"}],"wp:term":[{"taxonomy":"category","embeddable":true,"href":"https:\/\/www.mormaii.com.br\/site\/wp-json\/wp\/v2\/categories?post=2006"},{"taxonomy":"post_tag","embeddable":true,"href":"https:\/\/www.mormaii.com.br\/site\/wp-json\/wp\/v2\/tags?post=2006"}],"curies":[{"name":"wp","href":"https:\/\/api.w.org\/{rel}","templated":true}]}}