{"id":2009,"date":"2016-04-04T13:33:38","date_gmt":"2016-04-04T13:33:38","guid":{"rendered":"http:\/\/www.mormaii.com.br\/site\/?p=2009"},"modified":"2022-06-10T10:43:06","modified_gmt":"2022-06-10T13:43:06","slug":"noticiasbrasil-e-prata-no-revezamento-com-allan-do-carmo","status":"publish","type":"post","link":"https:\/\/www.mormaii.com.br\/site\/noticiasbrasil-e-prata-no-revezamento-com-allan-do-carmo\/","title":{"rendered":"Brasil \u00e9 prata no revezamento com Allan do Carmo"},"content":{"rendered":"<p>\u00danico remanescente da sele\u00e7\u00e3o que ganhou o bronze por equipes no Mundial de Barcelona, em 2013,&nbsp;<a href=\"http:\/\/www.mormaii.com.br\/atletas\/allan-do-carmo\" rel=\"nofollow noopener\" target=\"_blank\">Allan do Carmo<\/a> conquistou a medalha de prata no Mundial de Kazan, na manh\u00e3 dessa&nbsp;quinta-feira (30\/08), junto com&nbsp;Ana Marcela e&nbsp;Diogo Villarinho.&nbsp;<\/p>\n<p>A curiosidade da prova ficou por conta do tempo dos brasileiros, que foi exatamente igual aos dos holandeses: 55m31s2.&nbsp;<\/p>\n<p>Com esse empate, Brasil e Holanda dividiram o segundo lugar do p\u00f3dio. O bronze, portanto, ficou sem dono. A campe\u00e3 foi a Alemanha, que fechou com o tempo de 55m14s4.<\/p>\n<p>Ap\u00f3s a conquista, Allan exaltou o trabalho em grupo nos 5 km da prova. \u201cA estrat\u00e9gia deu certo. Fizemos a chamada &#8216;esteira&#8217; para Ana Marcela e ela deu show, assim como o Diogo. Estou muito feliz porque foi uma prova fant\u00e1stica da nossa equipe. Fruto de muito trabalho e entrosamento\u201d, disse o nadador que relembrou a amizade existente entre o trio. \u201cTodo mundo sabe que a minha rela\u00e7\u00e3o com eles dois sempre foi muito boa. S\u00e3o pessoas e atletas fant\u00e1sticos, que admiro muito. Dois \u00eddolos, n\u00e9?\u201d.<\/p>\n<p>O baiano tamb\u00e9m comentou sobre os momentos de tens\u00e3o vividos entre o final da prova e o an\u00fancio de que tinham ficado com o segundo lugar. \u201cFoi uma expectativa enorme. N\u00e3o entend\u00edamos muito bem o porque de s\u00f3 o nosso tempo n\u00e3o ter sido divulgado at\u00e9 que disseram que o nosso chip tinha dado problema. Bom \u00e9 que, apesar disso, deu tudo certo no final e pudemos comemorar o p\u00f3dio\u201d.<\/p>\n<p>Na \u00faltima segunda-feira (27\/07), Allan do Carmo foi o nono na prova individual nos 10 km do Mundial de Kazan e, com isso, <a href=\"http:\/\/www.mormaii.com.br\/noticias\/allan-do-carmo-conquista-vaga-para-as-olimpiadas-do-rio-2016\" rel=\"nofollow noopener\" target=\"_blank\">garantiu presen\u00e7a nas Olimp\u00edadas do Rio de Janeiro<\/a>, ano que vem.&nbsp;<\/p>\n<p>No pr\u00f3ximo s\u00e1bado (01\/08), ele vai nadar a prova dos 25 km, ainda no Mundial de Kazan.<\/p>\n<p>Estamos na torcida!<\/p>\n<p>[Foto: Satiro Sodr\u00e9]<\/p>\n","protected":false},"excerpt":{"rendered":"<p>\u00danico remanescente da sele\u00e7\u00e3o que ganhou o bronze por equipes no Mundial de Barcelona, em 2013,&nbsp;Allan do Carmo conquistou a medalha de prata no Mundial de Kazan, na manh\u00e3 dessa&nbsp;quinta-feira (30\/08), junto com&nbsp;Ana Marcela e&nbsp;Diogo Villarinho.&nbsp; A curiosidade da prova ficou por conta do tempo dos brasileiros, que foi exatamente igual aos dos holandeses: 55m31s2.&nbsp; [&hellip;]<\/p>\n","protected":false},"author":3,"featured_media":0,"comment_status":"open","ping_status":"open","sticky":false,"template":"","format":"standard","meta":{"_uag_custom_page_level_css":"","_mi_skip_tracking":false,"footnotes":""},"categories":[914],"tags":[],"class_list":["post-2009","post","type-post","status-publish","format-standard","hentry","category-mormaii"],"acf":[],"uagb_featured_image_src":{"full":false,"thumbnail":false,"medium":false,"medium_large":false,"large":false,"1536x1536":false,"2048x2048":false,"qi_addons_for_elementor_image_size_square":false,"qi_addons_for_elementor_image_size_landscape":false,"qi_addons_for_elementor_image_size_portrait":false,"qi_addons_for_elementor_image_size_huge-square":false},"uagb_author_info":{"display_name":"mormaii_importer","author_link":"https:\/\/www.mormaii.com.br\/site\/author\/mormaii_importer\/"},"uagb_comment_info":0,"uagb_excerpt":"\u00danico remanescente da sele\u00e7\u00e3o que ganhou o bronze por equipes no Mundial de Barcelona, em 2013,&nbsp;Allan do Carmo conquistou a medalha de prata no Mundial de Kazan, na manh\u00e3 dessa&nbsp;quinta-feira (30\/08), junto com&nbsp;Ana Marcela e&nbsp;Diogo Villarinho.&nbsp; A curiosidade da prova ficou por conta do tempo dos brasileiros, que foi exatamente igual aos dos holandeses: 55m31s2.&nbsp;&hellip;","_links":{"self":[{"href":"https:\/\/www.mormaii.com.br\/site\/wp-json\/wp\/v2\/posts\/2009"}],"collection":[{"href":"https:\/\/www.mormaii.com.br\/site\/wp-json\/wp\/v2\/posts"}],"about":[{"href":"https:\/\/www.mormaii.com.br\/site\/wp-json\/wp\/v2\/types\/post"}],"author":[{"embeddable":true,"href":"https:\/\/www.mormaii.com.br\/site\/wp-json\/wp\/v2\/users\/3"}],"replies":[{"embeddable":true,"href":"https:\/\/www.mormaii.com.br\/site\/wp-json\/wp\/v2\/comments?post=2009"}],"version-history":[{"count":1,"href":"https:\/\/www.mormaii.com.br\/site\/wp-json\/wp\/v2\/posts\/2009\/revisions"}],"predecessor-version":[{"id":57866,"href":"https:\/\/www.mormaii.com.br\/site\/wp-json\/wp\/v2\/posts\/2009\/revisions\/57866"}],"wp:attachment":[{"href":"https:\/\/www.mormaii.com.br\/site\/wp-json\/wp\/v2\/media?parent=2009"}],"wp:term":[{"taxonomy":"category","embeddable":true,"href":"https:\/\/www.mormaii.com.br\/site\/wp-json\/wp\/v2\/categories?post=2009"},{"taxonomy":"post_tag","embeddable":true,"href":"https:\/\/www.mormaii.com.br\/site\/wp-json\/wp\/v2\/tags?post=2009"}],"curies":[{"name":"wp","href":"https:\/\/api.w.org\/{rel}","templated":true}]}}