{"id":2030,"date":"2016-04-04T13:33:38","date_gmt":"2016-04-04T13:33:38","guid":{"rendered":"http:\/\/www.mormaii.com.br\/site\/?p=2030"},"modified":"2022-06-10T10:35:53","modified_gmt":"2022-06-10T13:35:53","slug":"noticiasespecial-dia-dos-pais-no-canal-off","status":"publish","type":"post","link":"https:\/\/www.mormaii.com.br\/site\/noticiasespecial-dia-dos-pais-no-canal-off\/","title":{"rendered":"Especial Dia dos Pais no Canal OFF"},"content":{"rendered":"<p>Domingo, dia 09 de agosto, ser\u00e1 comemorado o Dia dos Pais, uma data especial para voc\u00ea dar um abra\u00e7o apertado no cara que mais te ama nesse mundo.<\/p>\n<p class=\"p1\">Para celebrar, o Canal OFF preparou uma programa\u00e7\u00e3o especial que&nbsp;inicia&nbsp;\u00e0s 22h&nbsp;com o programa Mar Doce Lar, onde&nbsp;<a href=\"http:\/\/www.mormaii.com.br\/atletas\/sylvio-mancusi\" rel=\"nofollow noopener\" target=\"_blank\">Sylvio Mancusi<\/a> e seu filho Ben curtem o clima revigorante da ilha de Bali, na Indon\u00e9sia.<\/p>\n<p class=\"p1\">Enquanto Ben se diverte na praia, Mauka corre pras direitas perfeitas do pico, sabendo que por melhores que sejam os tubos dentro d\u2019\u00e1gua, nada se compara ao presente que lhe espera de bracinhos abertos na areia.<\/p>\n<p class=\"p1\">Em seguida, \u00e0s 23h, tem um cap\u00edtulo especial de Desejar Profundo, com o bicampe\u00e3o mundial de ondas gigantes <a href=\"http:\/\/www.mormaii.com.br\/atletas\/carlos-burle\" rel=\"nofollow noopener\" target=\"_blank\">Carlos Burle<\/a> desembarcando com a fam\u00edlia em Oahu.&nbsp;<\/p>\n<p class=\"p1\">O pequeno Kai Reno, que nasceu no Hava\u00ed, aproveita seu retorno para matar a saudade da ilha natal.<\/p>\n<p class=\"p1\">Burle, sempre ligado no swell, cai pra dentro de Sunset surfar na remada e, quando o mar cresce, aproveita as bancadas de alto mar&nbsp;para treinar tow in e se divertir com os amigos.<\/p>\n<p class=\"p1\">Por fim, \u00e0s 23h30, tem um especial com <a href=\"http:\/\/www.mormaii.com.br\/atletas\/ian-gouveia\" rel=\"nofollow noopener\" target=\"_blank\">Ian Gouveia<\/a> explicando como \u00e9 ser um profissional, competir&nbsp;pelo mundo e levar&nbsp;na bagagem a heran\u00e7a de um dos maiores surfistas brasileiros de todos os tempos, a lenda <a href=\"http:\/\/www.mormaii.com.br\/atletas\/fabio-gouveia\" rel=\"nofollow noopener\" target=\"_blank\">F\u00e1bio Gouveia<\/a>.<\/p>\n<p class=\"p1\">Voc\u00ea tem motivos de sobra nesse doming\u00e3o para aproveitar o m\u00e1ximo poss\u00edvel com seu pai&nbsp;e, na sequ\u00eancia,&nbsp;\u00e0s 22h, curtir com a Fam\u00edlia Mormaii tr\u00eas programas imperd\u00edveis no Canal OFF.<\/p>\n<p class=\"p1\">Nos vemos l\u00e1!<\/p>\n<p class=\"p2\">[Foto: James Thisted \/\/ F\u00e1bio e Ian Gouveia chegando pro surf]<\/p>\n","protected":false},"excerpt":{"rendered":"<p>Domingo, dia 09 de agosto, ser\u00e1 comemorado o Dia dos Pais, uma data especial para voc\u00ea dar um abra\u00e7o apertado no cara que mais te ama nesse mundo. Para celebrar, o Canal OFF preparou uma programa\u00e7\u00e3o especial que&nbsp;inicia&nbsp;\u00e0s 22h&nbsp;com o programa Mar Doce Lar, onde&nbsp;Sylvio Mancusi e seu filho Ben curtem o clima revigorante da [&hellip;]<\/p>\n","protected":false},"author":3,"featured_media":0,"comment_status":"open","ping_status":"open","sticky":false,"template":"","format":"standard","meta":{"_uag_custom_page_level_css":"","_mi_skip_tracking":false,"footnotes":""},"categories":[914],"tags":[],"class_list":["post-2030","post","type-post","status-publish","format-standard","hentry","category-mormaii"],"acf":[],"uagb_featured_image_src":{"full":false,"thumbnail":false,"medium":false,"medium_large":false,"large":false,"1536x1536":false,"2048x2048":false,"qi_addons_for_elementor_image_size_square":false,"qi_addons_for_elementor_image_size_landscape":false,"qi_addons_for_elementor_image_size_portrait":false,"qi_addons_for_elementor_image_size_huge-square":false},"uagb_author_info":{"display_name":"mormaii_importer","author_link":"https:\/\/www.mormaii.com.br\/site\/author\/mormaii_importer\/"},"uagb_comment_info":0,"uagb_excerpt":"Domingo, dia 09 de agosto, ser\u00e1 comemorado o Dia dos Pais, uma data especial para voc\u00ea dar um abra\u00e7o apertado no cara que mais te ama nesse mundo. Para celebrar, o Canal OFF preparou uma programa\u00e7\u00e3o especial que&nbsp;inicia&nbsp;\u00e0s 22h&nbsp;com o programa Mar Doce Lar, onde&nbsp;Sylvio Mancusi e seu filho Ben curtem o clima revigorante da&hellip;","_links":{"self":[{"href":"https:\/\/www.mormaii.com.br\/site\/wp-json\/wp\/v2\/posts\/2030"}],"collection":[{"href":"https:\/\/www.mormaii.com.br\/site\/wp-json\/wp\/v2\/posts"}],"about":[{"href":"https:\/\/www.mormaii.com.br\/site\/wp-json\/wp\/v2\/types\/post"}],"author":[{"embeddable":true,"href":"https:\/\/www.mormaii.com.br\/site\/wp-json\/wp\/v2\/users\/3"}],"replies":[{"embeddable":true,"href":"https:\/\/www.mormaii.com.br\/site\/wp-json\/wp\/v2\/comments?post=2030"}],"version-history":[{"count":1,"href":"https:\/\/www.mormaii.com.br\/site\/wp-json\/wp\/v2\/posts\/2030\/revisions"}],"predecessor-version":[{"id":57608,"href":"https:\/\/www.mormaii.com.br\/site\/wp-json\/wp\/v2\/posts\/2030\/revisions\/57608"}],"wp:attachment":[{"href":"https:\/\/www.mormaii.com.br\/site\/wp-json\/wp\/v2\/media?parent=2030"}],"wp:term":[{"taxonomy":"category","embeddable":true,"href":"https:\/\/www.mormaii.com.br\/site\/wp-json\/wp\/v2\/categories?post=2030"},{"taxonomy":"post_tag","embeddable":true,"href":"https:\/\/www.mormaii.com.br\/site\/wp-json\/wp\/v2\/tags?post=2030"}],"curies":[{"name":"wp","href":"https:\/\/api.w.org\/{rel}","templated":true}]}}