{"id":2051,"date":"2016-04-04T13:33:38","date_gmt":"2016-04-04T13:33:38","guid":{"rendered":"http:\/\/www.mormaii.com.br\/site\/?p=2051"},"modified":"2022-06-10T10:51:11","modified_gmt":"2022-06-10T13:51:11","slug":"noticiasallan-do-carmo-e-prata-na-copa-do-mundo-de-natacao","status":"publish","type":"post","link":"https:\/\/www.mormaii.com.br\/site\/noticiasallan-do-carmo-e-prata-na-copa-do-mundo-de-natacao\/","title":{"rendered":"Allan do Carmo \u00e9 prata na Copa do Mundo de Natac\u00e3o"},"content":{"rendered":"<p>Mal se recuperou da extenuante prova do Mundial de Kazan, onde garantiu a vaga para as Olimp\u00edadas do Rio 2016, o maratonista aqu\u00e1tico brasileiro <a href=\"http:\/\/www.mormaii.com.br\/atletas\/allan-do-carmo\" rel=\"nofollow noopener\" target=\"_blank\">Allan Do Carmo<\/a> j\u00e1 estava na \u00e1gua novamente.<\/p>\n<p class=\"p1\">Dessa vez ele disputou a 9\u00aa etapa do circuito da Copa do Mundo,&nbsp;realizada no Canad\u00e1, com um percurso ol\u00edmpico de 10 km nadados no Lago M\u00e9gantic, durante o o s\u00e1bado (08\/08).&nbsp;<\/p>\n<p class=\"p1\">Allan, atual campe\u00e3o mundial, completou a prova em 2h08min59s30 e garantiu a medalha de prata na competi\u00e7\u00e3o.<\/p>\n<p class=\"p2\">&#8220;Final de semana de p\u00f3dio! Fui segundo na 9\u00aa etapa do Circuito Mundial de Maratonas Aqu\u00e1ticas. A prova foi disputada na cidade de M\u00e9gantic, no Canad\u00e1. Com o resultado, assumi a terceira coloca\u00e7\u00e3o geral. Vale lembrar, que fiquei sem disputar quatro etapas do circuito por causa da dedica\u00e7\u00e3o ao Mundial de Kazan! Estamos fortes e continuamos contando com a torcida de voc\u00eas&#8221;, comemora o baiano.<\/p>\n<p class=\"p1\">A Copa do Mundo 2015 ainda ter\u00e1 duas etapas, uma em Chun&#8217;an, na China, dia 11 de outubro; e outra em Hong Kong, no dia 17 de outubro.<\/p>\n<p class=\"p1\">[Foto: Satiro Sodr\u00e9]<\/p>\n<p><\/p>\n","protected":false},"excerpt":{"rendered":"<p>Mal se recuperou da extenuante prova do Mundial de Kazan, onde garantiu a vaga para as Olimp\u00edadas do Rio 2016, o maratonista aqu\u00e1tico brasileiro Allan Do Carmo j\u00e1 estava na \u00e1gua novamente. Dessa vez ele disputou a 9\u00aa etapa do circuito da Copa do Mundo,&nbsp;realizada no Canad\u00e1, com um percurso ol\u00edmpico de 10 km nadados [&hellip;]<\/p>\n","protected":false},"author":3,"featured_media":0,"comment_status":"open","ping_status":"open","sticky":false,"template":"","format":"standard","meta":{"_uag_custom_page_level_css":"","_mi_skip_tracking":false,"footnotes":""},"categories":[914],"tags":[],"class_list":["post-2051","post","type-post","status-publish","format-standard","hentry","category-mormaii"],"acf":[],"uagb_featured_image_src":{"full":false,"thumbnail":false,"medium":false,"medium_large":false,"large":false,"1536x1536":false,"2048x2048":false,"qi_addons_for_elementor_image_size_square":false,"qi_addons_for_elementor_image_size_landscape":false,"qi_addons_for_elementor_image_size_portrait":false,"qi_addons_for_elementor_image_size_huge-square":false},"uagb_author_info":{"display_name":"mormaii_importer","author_link":"https:\/\/www.mormaii.com.br\/site\/author\/mormaii_importer\/"},"uagb_comment_info":0,"uagb_excerpt":"Mal se recuperou da extenuante prova do Mundial de Kazan, onde garantiu a vaga para as Olimp\u00edadas do Rio 2016, o maratonista aqu\u00e1tico brasileiro Allan Do Carmo j\u00e1 estava na \u00e1gua novamente. Dessa vez ele disputou a 9\u00aa etapa do circuito da Copa do Mundo,&nbsp;realizada no Canad\u00e1, com um percurso ol\u00edmpico de 10 km nadados&hellip;","_links":{"self":[{"href":"https:\/\/www.mormaii.com.br\/site\/wp-json\/wp\/v2\/posts\/2051"}],"collection":[{"href":"https:\/\/www.mormaii.com.br\/site\/wp-json\/wp\/v2\/posts"}],"about":[{"href":"https:\/\/www.mormaii.com.br\/site\/wp-json\/wp\/v2\/types\/post"}],"author":[{"embeddable":true,"href":"https:\/\/www.mormaii.com.br\/site\/wp-json\/wp\/v2\/users\/3"}],"replies":[{"embeddable":true,"href":"https:\/\/www.mormaii.com.br\/site\/wp-json\/wp\/v2\/comments?post=2051"}],"version-history":[{"count":1,"href":"https:\/\/www.mormaii.com.br\/site\/wp-json\/wp\/v2\/posts\/2051\/revisions"}],"predecessor-version":[{"id":58293,"href":"https:\/\/www.mormaii.com.br\/site\/wp-json\/wp\/v2\/posts\/2051\/revisions\/58293"}],"wp:attachment":[{"href":"https:\/\/www.mormaii.com.br\/site\/wp-json\/wp\/v2\/media?parent=2051"}],"wp:term":[{"taxonomy":"category","embeddable":true,"href":"https:\/\/www.mormaii.com.br\/site\/wp-json\/wp\/v2\/categories?post=2051"},{"taxonomy":"post_tag","embeddable":true,"href":"https:\/\/www.mormaii.com.br\/site\/wp-json\/wp\/v2\/tags?post=2051"}],"curies":[{"name":"wp","href":"https:\/\/api.w.org\/{rel}","templated":true}]}}