{"id":2063,"date":"2016-04-04T13:33:38","date_gmt":"2016-04-04T13:33:38","guid":{"rendered":"http:\/\/www.mormaii.com.br\/site\/?p=2063"},"modified":"2022-06-10T10:51:51","modified_gmt":"2022-06-10T13:51:51","slug":"noticiasa-pedra-e-o-farol-naufragios-e-ondas-grandes-em-santa-catarina","status":"publish","type":"post","link":"https:\/\/www.mormaii.com.br\/site\/noticiasa-pedra-e-o-farol-naufragios-e-ondas-grandes-em-santa-catarina\/","title":{"rendered":"A Pedra e o Farol &#8211; Naufr\u00e1gios e ondas grandes em Santa Catarina"},"content":{"rendered":"<p><em>A Pedra e o Farol<\/em> \u00e9 um document\u00e1rio da Scult Filmes, dirigido por <a href=\"https:\/\/www.youtube.com\/channel\/UCZtExO3JRuflDGS-PO3_9mQ\" rel=\"nofollow noopener\" target=\"_blank\" style=\"background-color: rgb(255, 255, 255);\">Luciano Burin<\/a>,&nbsp;que mostra a \u00edntima rela\u00e7\u00e3o entre o Farol de Santa Marta e a Laje da Jagua (Pedra do Campo Bom), estabelecendo o seu decisivo papel hist\u00f3rico e cultural no desenvolvimento da regi\u00e3o costeira de Laguna e Jaguaruna, no sul de Santa Catarina.<\/p>\n<p class=\"p1\">Os locais re\u00fanem paisagens de beleza singular no litoral brasileiro e fazem parte da vida de muitos surfistas e big rides do pa\u00eds.<\/p>\n<p class=\"p1\">A praia do Cardoso, no Farol de Santa Marta, \u00e9 palco do Desafio Mormaii de Ondas Grandes na Remada, o qual, nesse exato momento, est\u00e1 em <a href=\"http:\/\/www.mormaii.com.br\/noticias\/sinal-amarelo-para-o-desafio-mormaii-de-ondas-grandes\" rel=\"nofollow noopener\" target=\"_blank\">alerta amarelo<\/a> para sua realiza\u00e7\u00e3o. &nbsp;<\/p>\n<p class=\"p1\">E a Laje da Jagua j\u00e1 foi campo de dois eventos de tow in patrocinados pela Mormaii, um em 2006 e outro em 2011, ambos vencidos por Carlos Burle e Eraldo Gueiros.<\/p>\n<p class=\"p1\">O lan\u00e7amento de <em>A Pedra e o Farol<\/em> est\u00e1 previsto para dezembro de 2015.<\/p>\n<p class=\"p1\">Abaixo, voc\u00ea confere os cr\u00e9ditos da produ\u00e7\u00e3o e assiste ao trailer.<\/p>\n<p class=\"p1\">Dire\u00e7\u00e3o, Roteiro e Produ\u00e7\u00e3o: Luciano Burin<\/p>\n<p class=\"p1\">Edi\u00e7\u00e3o e Montagem: Luciano Burin e Marcos BG<\/p>\n<p class=\"p1\">Cinegrafistas: Antonio Zanella, Guilherme Reynaldo, Luciano Burin, Marcos BG, Marcos Vinicius D&#8217;Elboux e Rafael Ribeiro<\/p>\n<p class=\"p1\">Imagens adicionais: Lucas Barnis<\/p>\n<p class=\"p1\">Som Direto: Luciano Burin<\/p>\n<p class=\"p1\">Edi\u00e7\u00e3o de Som e Trilha Sonora: Marcos BG<\/p>\n<p class=\"p1\">Acervo de Fotografias: Gentil Reynaldo<\/p>\n<p class=\"p1\"><\/p>\n<p><iframe loading=\"lazy\" width=\"760\" height=\"428\" src=\"https:\/\/www.youtube.com\/embed\/sSIoUnJqAEk?rel=0&amp;showinfo=0\" frameborder=\"0\" allowfullscreen=\"\"><\/iframe><\/p>\n<p><\/p>\n<p>[Foto de capa: Cristopher Arlington&nbsp;\/\/ Surfista: Carlos Burle]<\/p>\n","protected":false},"excerpt":{"rendered":"<p>A Pedra e o Farol \u00e9 um document\u00e1rio da Scult Filmes, dirigido por Luciano Burin,&nbsp;que mostra a \u00edntima rela\u00e7\u00e3o entre o Farol de Santa Marta e a Laje da Jagua (Pedra do Campo Bom), estabelecendo o seu decisivo papel hist\u00f3rico e cultural no desenvolvimento da regi\u00e3o costeira de Laguna e Jaguaruna, no sul de Santa [&hellip;]<\/p>\n","protected":false},"author":3,"featured_media":0,"comment_status":"open","ping_status":"open","sticky":false,"template":"","format":"standard","meta":{"_uag_custom_page_level_css":"","_mi_skip_tracking":false,"footnotes":""},"categories":[914],"tags":[],"class_list":["post-2063","post","type-post","status-publish","format-standard","hentry","category-mormaii"],"acf":[],"uagb_featured_image_src":{"full":false,"thumbnail":false,"medium":false,"medium_large":false,"large":false,"1536x1536":false,"2048x2048":false,"qi_addons_for_elementor_image_size_square":false,"qi_addons_for_elementor_image_size_landscape":false,"qi_addons_for_elementor_image_size_portrait":false,"qi_addons_for_elementor_image_size_huge-square":false},"uagb_author_info":{"display_name":"mormaii_importer","author_link":"https:\/\/www.mormaii.com.br\/site\/author\/mormaii_importer\/"},"uagb_comment_info":0,"uagb_excerpt":"A Pedra e o Farol \u00e9 um document\u00e1rio da Scult Filmes, dirigido por Luciano Burin,&nbsp;que mostra a \u00edntima rela\u00e7\u00e3o entre o Farol de Santa Marta e a Laje da Jagua (Pedra do Campo Bom), estabelecendo o seu decisivo papel hist\u00f3rico e cultural no desenvolvimento da regi\u00e3o costeira de Laguna e Jaguaruna, no sul de Santa&hellip;","_links":{"self":[{"href":"https:\/\/www.mormaii.com.br\/site\/wp-json\/wp\/v2\/posts\/2063"}],"collection":[{"href":"https:\/\/www.mormaii.com.br\/site\/wp-json\/wp\/v2\/posts"}],"about":[{"href":"https:\/\/www.mormaii.com.br\/site\/wp-json\/wp\/v2\/types\/post"}],"author":[{"embeddable":true,"href":"https:\/\/www.mormaii.com.br\/site\/wp-json\/wp\/v2\/users\/3"}],"replies":[{"embeddable":true,"href":"https:\/\/www.mormaii.com.br\/site\/wp-json\/wp\/v2\/comments?post=2063"}],"version-history":[{"count":1,"href":"https:\/\/www.mormaii.com.br\/site\/wp-json\/wp\/v2\/posts\/2063\/revisions"}],"predecessor-version":[{"id":58321,"href":"https:\/\/www.mormaii.com.br\/site\/wp-json\/wp\/v2\/posts\/2063\/revisions\/58321"}],"wp:attachment":[{"href":"https:\/\/www.mormaii.com.br\/site\/wp-json\/wp\/v2\/media?parent=2063"}],"wp:term":[{"taxonomy":"category","embeddable":true,"href":"https:\/\/www.mormaii.com.br\/site\/wp-json\/wp\/v2\/categories?post=2063"},{"taxonomy":"post_tag","embeddable":true,"href":"https:\/\/www.mormaii.com.br\/site\/wp-json\/wp\/v2\/tags?post=2063"}],"curies":[{"name":"wp","href":"https:\/\/api.w.org\/{rel}","templated":true}]}}