{"id":2067,"date":"2016-04-04T13:33:38","date_gmt":"2016-04-04T13:33:38","guid":{"rendered":"http:\/\/www.mormaii.com.br\/site\/?p=2067"},"modified":"2022-06-10T10:28:27","modified_gmt":"2022-06-10T13:28:27","slug":"noticiasleonardo-de-deus-voa-na-piscina-e-leva-5-medalhas","status":"publish","type":"post","link":"https:\/\/www.mormaii.com.br\/site\/noticiasleonardo-de-deus-voa-na-piscina-e-leva-5-medalhas\/","title":{"rendered":"Leonardo de Deus voa na piscina e leva 5 medalhas"},"content":{"rendered":"<p>Foram 3 meses intensos para <a href=\"http:\/\/www.mormaii.com.br\/atletas\/leonardo-de-deus\" rel=\"nofollow noopener\" target=\"_blank\" style=\"background-color: rgb(255, 255, 255);\">Leonardo de Deus<\/a>. Treinamento pesado na altitude de Flagstaff, nos&nbsp;EUA, Pan-Americano no Canad\u00e1, Mundial na R\u00fassia e, finalmente, para encerrar, o Trof\u00e9u Jos\u00e9 Finkel no Brasil, finalizado no \u00faltimo final de semana.<\/p>\n<p class=\"p2\">\u201cA expectativa para o Finkel era uma supresa, inclusive para mim. Estava muito cansado, mas o pensamento era nadar o mais r\u00e1pido poss\u00edvel e foi o que aconteceu. Nadei muito bem as minhas provas, 200m borboleta, 200m costas, 400m livre, 200m livre e o revezamento 4x200m livre. Fiquei satisfeito e poderei descansar essa semana com a consci\u00eancia tranquila\u201d, comenta Leonardo.<\/p>\n<p class=\"p2\">Os resultados falam por si, nos 200m livre, estreando na competi\u00e7\u00e3o, nadou forte e terminou em segundo com o tempo de 1:49.33.&nbsp;<\/p>\n<p class=\"p1\">No revezamento, o Corinthians foi ouro e venceu com a equipe composta por Leonardo de Deus, Jo\u00e3o Veras Amorim, Fernando Ernesto e Thiago Simon.&nbsp;<\/p>\n<p class=\"p1\">Nos 200m borboleta deu vit\u00f3ria e \u00edndice ol\u00edmpico com o tempo de 1:56.53, mas para garantir a vaga ser\u00e1 necess\u00e1rio repetir o tempo no Open de Nata\u00e7\u00e3o, em dezembro.&nbsp;<\/p>\n<p class=\"p1\">Nos 400m livre, um&nbsp;impressionante 3:50.81 tamb\u00e9m foi ouro e recorde do campeonato.&nbsp;<\/p>\n<p class=\"p1\">E, finalizando a competi\u00e7\u00e3o, os 200m costas que valeu o ouro com o tempo 1:59.17.&nbsp;<\/p>\n<p class=\"p1\">Leonardo foi o atleta que mais pontuou individualmente para o clube, somando 153 pontos, o que lhe rendeu o Trof\u00e9u Efici\u00eancia.&nbsp;<\/p>\n<p class=\"p1\">\u201cNovamente eu fui o atleta mais eficiente (regular) da competi\u00e7\u00e3o e isso \u00e9 a prova de como venho treinando forte. Esta etapa do meu ciclo ol\u00edmpico se encerrou e, com certeza, foi o melhor que pude fazer. Volto aos treinos no dia 03 de setembro com foco total\u201d, finaliza.<\/p>\n<p class=\"p1\">A pr\u00f3xima disputa ser\u00e1 entre 02 e 10 de outubro nos Jogos Mundiais Militares, que acontecer\u00e1 em&nbsp;<span class=\"s1\">Mungyeong, na&nbsp;<\/span>Cor\u00e9ia do Sul.<\/p>\n<p>[Foto: Satiro Sodr\u00e9]<\/p>\n","protected":false},"excerpt":{"rendered":"<p>Foram 3 meses intensos para Leonardo de Deus. Treinamento pesado na altitude de Flagstaff, nos&nbsp;EUA, Pan-Americano no Canad\u00e1, Mundial na R\u00fassia e, finalmente, para encerrar, o Trof\u00e9u Jos\u00e9 Finkel no Brasil, finalizado no \u00faltimo final de semana. \u201cA expectativa para o Finkel era uma supresa, inclusive para mim. Estava muito cansado, mas o pensamento era [&hellip;]<\/p>\n","protected":false},"author":3,"featured_media":0,"comment_status":"open","ping_status":"open","sticky":false,"template":"","format":"standard","meta":{"_uag_custom_page_level_css":"","_mi_skip_tracking":false,"footnotes":""},"categories":[914],"tags":[],"class_list":["post-2067","post","type-post","status-publish","format-standard","hentry","category-mormaii"],"acf":[],"uagb_featured_image_src":{"full":false,"thumbnail":false,"medium":false,"medium_large":false,"large":false,"1536x1536":false,"2048x2048":false,"qi_addons_for_elementor_image_size_square":false,"qi_addons_for_elementor_image_size_landscape":false,"qi_addons_for_elementor_image_size_portrait":false,"qi_addons_for_elementor_image_size_huge-square":false},"uagb_author_info":{"display_name":"mormaii_importer","author_link":"https:\/\/www.mormaii.com.br\/site\/author\/mormaii_importer\/"},"uagb_comment_info":0,"uagb_excerpt":"Foram 3 meses intensos para Leonardo de Deus. Treinamento pesado na altitude de Flagstaff, nos&nbsp;EUA, Pan-Americano no Canad\u00e1, Mundial na R\u00fassia e, finalmente, para encerrar, o Trof\u00e9u Jos\u00e9 Finkel no Brasil, finalizado no \u00faltimo final de semana. \u201cA expectativa para o Finkel era uma supresa, inclusive para mim. Estava muito cansado, mas o pensamento era&hellip;","_links":{"self":[{"href":"https:\/\/www.mormaii.com.br\/site\/wp-json\/wp\/v2\/posts\/2067"}],"collection":[{"href":"https:\/\/www.mormaii.com.br\/site\/wp-json\/wp\/v2\/posts"}],"about":[{"href":"https:\/\/www.mormaii.com.br\/site\/wp-json\/wp\/v2\/types\/post"}],"author":[{"embeddable":true,"href":"https:\/\/www.mormaii.com.br\/site\/wp-json\/wp\/v2\/users\/3"}],"replies":[{"embeddable":true,"href":"https:\/\/www.mormaii.com.br\/site\/wp-json\/wp\/v2\/comments?post=2067"}],"version-history":[{"count":1,"href":"https:\/\/www.mormaii.com.br\/site\/wp-json\/wp\/v2\/posts\/2067\/revisions"}],"predecessor-version":[{"id":57341,"href":"https:\/\/www.mormaii.com.br\/site\/wp-json\/wp\/v2\/posts\/2067\/revisions\/57341"}],"wp:attachment":[{"href":"https:\/\/www.mormaii.com.br\/site\/wp-json\/wp\/v2\/media?parent=2067"}],"wp:term":[{"taxonomy":"category","embeddable":true,"href":"https:\/\/www.mormaii.com.br\/site\/wp-json\/wp\/v2\/categories?post=2067"},{"taxonomy":"post_tag","embeddable":true,"href":"https:\/\/www.mormaii.com.br\/site\/wp-json\/wp\/v2\/tags?post=2067"}],"curies":[{"name":"wp","href":"https:\/\/api.w.org\/{rel}","templated":true}]}}