{"id":2074,"date":"2016-04-04T13:33:38","date_gmt":"2016-04-04T13:33:38","guid":{"rendered":"http:\/\/www.mormaii.com.br\/site\/?p=2074"},"modified":"2022-06-10T10:40:02","modified_gmt":"2022-06-10T13:40:02","slug":"noticiascircuito-mormaii-catarinense-pro-de-surf-2015","status":"publish","type":"post","link":"https:\/\/www.mormaii.com.br\/site\/noticiascircuito-mormaii-catarinense-pro-de-surf-2015\/","title":{"rendered":"Circuito Mormaii Catarinense Pro de Surf 2015"},"content":{"rendered":"<p>A Mormaii e a Federa\u00e7\u00e3o Catarinense de Surf trazem muitas novidades para o esporte no Brasil atrav\u00e9s do Circuito Catarinense de Surf Profissional, um dos mais disputados do pa\u00eds, que, a partir de agora, passa a se chamar Mormaii Catarinense Pro 2015.<\/p>\n<p class=\"p1\">A pr\u00f3xima etapa est\u00e1 confirmada para a Prainha de S\u00e3o Francisco do Sul, litoral norte catarinense, de 05 a 07 de setembro.<\/p>\n<p class=\"p1\">\u201cEsperamos contribuir com o surf brasileiro de uma forma direta, pois temos certeza que o Circuito Catarinense de Surf Profissional da Fecasurf \u00e9 muito importante dentro do cen\u00e1rio nacional e a Mormaii participando desse evento engrandece n\u00e3o s\u00f3 a sua marca e o seu trabalho, mas o surf como&nbsp;um todo\u201d, declara Eduardo Nedeff, Diretor Executivo da Mormaii.<\/p>\n<p class=\"p1\">As inscri\u00e7\u00f5es j\u00e1 est\u00e3o abertas para a segunda etapa do Mormaii Catarinense Pro 2015, que tamb\u00e9m \u00e9 v\u00e1lida pela s\u00e9tima etapa do Abrasp Tour 2015 &#8211; Circuito Brasileiro de Surf Profissional.&nbsp;<\/p>\n<p class=\"p1\">O evento distribuir\u00e1 R$ 30.000,00 (trinta mil reais) de premia\u00e7\u00e3o, al\u00e9m de 1000 pontos para os rankings brasileiro e catarinense.<\/p>\n<p class=\"p1\">Mais informa\u00e7\u00f5es pelo <a href=\"http:\/\/www.fecasurf.com.br\/?p=659\" rel=\"nofollow noopener\" target=\"_blank\">link<\/a>.<\/p>\n<p class=\"p1\"><strong>Confira o ranking Fecasurf Pro 2015<\/strong><\/p>\n<p class=\"p1\">1\u00ba \u2013 M\u00e1rcio Farney &#8211; 670&nbsp;<\/p>\n<p class=\"p1\">2\u00ba &#8211; Tomas Hermes &#8211; 610<\/p>\n<p class=\"p1\">3\u00ba \u2013 Willian Cardoso &#8211; 555&nbsp;<\/p>\n<p class=\"p1\">4\u00ba \u2013 Luan Wood &#8211; 450&nbsp;<\/p>\n<p class=\"p1\">5\u00ba \u2013 Alex Lima &#8211; 400&nbsp;<\/p>\n<p class=\"p1\">6\u00ba \u2013 Beto Mariano &#8211; 400&nbsp;<\/p>\n<p class=\"p1\">7\u00ba \u2013 Gustavo Ramos &#8211; 400&nbsp;<\/p>\n<p class=\"p1\">8\u00ba \u2013 Cau\u00ea Wood &#8211; 400&nbsp;<\/p>\n<p class=\"p1\">9\u00ba \u2013 Caetano Vargas &#8211; 360&nbsp;<\/p>\n<p class=\"p1\">10\u00ba \u2013 Matheus Navarro &#8211; 360&nbsp;<\/p>\n","protected":false},"excerpt":{"rendered":"<p>A Mormaii e a Federa\u00e7\u00e3o Catarinense de Surf trazem muitas novidades para o esporte no Brasil atrav\u00e9s do Circuito Catarinense de Surf Profissional, um dos mais disputados do pa\u00eds, que, a partir de agora, passa a se chamar Mormaii Catarinense Pro 2015. A pr\u00f3xima etapa est\u00e1 confirmada para a Prainha de S\u00e3o Francisco do Sul, [&hellip;]<\/p>\n","protected":false},"author":3,"featured_media":0,"comment_status":"open","ping_status":"open","sticky":false,"template":"","format":"standard","meta":{"_uag_custom_page_level_css":"","_mi_skip_tracking":false,"footnotes":""},"categories":[914],"tags":[],"class_list":["post-2074","post","type-post","status-publish","format-standard","hentry","category-mormaii"],"acf":[],"uagb_featured_image_src":{"full":false,"thumbnail":false,"medium":false,"medium_large":false,"large":false,"1536x1536":false,"2048x2048":false,"qi_addons_for_elementor_image_size_square":false,"qi_addons_for_elementor_image_size_landscape":false,"qi_addons_for_elementor_image_size_portrait":false,"qi_addons_for_elementor_image_size_huge-square":false},"uagb_author_info":{"display_name":"mormaii_importer","author_link":"https:\/\/www.mormaii.com.br\/site\/author\/mormaii_importer\/"},"uagb_comment_info":0,"uagb_excerpt":"A Mormaii e a Federa\u00e7\u00e3o Catarinense de Surf trazem muitas novidades para o esporte no Brasil atrav\u00e9s do Circuito Catarinense de Surf Profissional, um dos mais disputados do pa\u00eds, que, a partir de agora, passa a se chamar Mormaii Catarinense Pro 2015. A pr\u00f3xima etapa est\u00e1 confirmada para a Prainha de S\u00e3o Francisco do Sul,&hellip;","_links":{"self":[{"href":"https:\/\/www.mormaii.com.br\/site\/wp-json\/wp\/v2\/posts\/2074"}],"collection":[{"href":"https:\/\/www.mormaii.com.br\/site\/wp-json\/wp\/v2\/posts"}],"about":[{"href":"https:\/\/www.mormaii.com.br\/site\/wp-json\/wp\/v2\/types\/post"}],"author":[{"embeddable":true,"href":"https:\/\/www.mormaii.com.br\/site\/wp-json\/wp\/v2\/users\/3"}],"replies":[{"embeddable":true,"href":"https:\/\/www.mormaii.com.br\/site\/wp-json\/wp\/v2\/comments?post=2074"}],"version-history":[{"count":1,"href":"https:\/\/www.mormaii.com.br\/site\/wp-json\/wp\/v2\/posts\/2074\/revisions"}],"predecessor-version":[{"id":57723,"href":"https:\/\/www.mormaii.com.br\/site\/wp-json\/wp\/v2\/posts\/2074\/revisions\/57723"}],"wp:attachment":[{"href":"https:\/\/www.mormaii.com.br\/site\/wp-json\/wp\/v2\/media?parent=2074"}],"wp:term":[{"taxonomy":"category","embeddable":true,"href":"https:\/\/www.mormaii.com.br\/site\/wp-json\/wp\/v2\/categories?post=2074"},{"taxonomy":"post_tag","embeddable":true,"href":"https:\/\/www.mormaii.com.br\/site\/wp-json\/wp\/v2\/tags?post=2074"}],"curies":[{"name":"wp","href":"https:\/\/api.w.org\/{rel}","templated":true}]}}