{"id":2076,"date":"2016-04-04T13:33:38","date_gmt":"2016-04-04T13:33:38","guid":{"rendered":"http:\/\/www.mormaii.com.br\/site\/?p=2076"},"modified":"2022-06-10T10:21:16","modified_gmt":"2022-06-10T13:21:16","slug":"noticiasnovo-sinal-amarelo-para-o-desafio-mormaii-de-ondas-grandes","status":"publish","type":"post","link":"https:\/\/www.mormaii.com.br\/site\/noticiasnovo-sinal-amarelo-para-o-desafio-mormaii-de-ondas-grandes\/","title":{"rendered":"Novo Sinal Amarelo para o Desafio Mormaii de Ondas Grandes"},"content":{"rendered":"<p>Foi lan\u00e7ado um novo sinal amarelo para o Desafio Mormaii de Ondas Grandes na Remada, a ser realizado na Praia do Cardoso, Cabo de Santa Marta (Santa Catarina), possivelmente dia 02 de setembro, quarta-feira.<\/p>\n<p class=\"p1\">O sinal amarelo indica um estado de alerta oficial a todos competidores, p\u00fablico e organiza\u00e7\u00e3o, mediante a proximidade de um grande swell&nbsp;nos gr\u00e1ficos de previs\u00e3o.<\/p>\n<p class=\"p1\">Seu disparo acontece com&nbsp; 72h&nbsp;de anteced\u00eancia, em m\u00e9dia, o que possibilita o planejamento das a\u00e7\u00f5es, por\u00e9m n\u00e3o garante que o evento realmente se realize.<\/p>\n<p class=\"p1\">O dia em vista \u00e9 a pr\u00f3xima quarta-feira, 02&nbsp;de setembro, e a ondula\u00e7\u00e3o&nbsp;marca algo em torno dos&nbsp;3 metros de altura com 13 segundos de intervalo, o que deve proporcionar s\u00e9ries entre 10&nbsp;e 12&nbsp;p\u00e9s.<\/p>\n<p class=\"p1\">De agora em diante, todas aten\u00e7\u00f5es se voltam para os gr\u00e1ficos de previs\u00e3o, at\u00e9 o prazo de 48 horas, que acontecer\u00e1 segunda, dia 31.<\/p>\n<p class=\"p1\">Caso os n\u00fameros se confirmem, ser\u00e1 lan\u00e7ado o sinal verde e o evento ocorrer\u00e1 na data prevista.<\/p>\n<p class=\"p1\">Sen\u00e3o, ser\u00e1 dado o sinal vermelho, o que paralisa as a\u00e7\u00f5es, retornando ao per\u00edodo de espera, que vai at\u00e9 31 de outubro.<\/p>\n<p class=\"p1\">O Farol de Santa Marta \u00e9 famoso entre os big riders da regi\u00e3o por ser o ponto mais ao leste da costa sul catarinense, o que o torna uma esp\u00e9cie de im\u00e3, atraindo grandes ondula\u00e7\u00f5es para sua extensa bancada.<\/p>\n<p class=\"p1\">Devido ao formato de competic\u00e3o, com apenas um dia de provas (baseado no Big Wave World Tour &#8211; Circuito Mundial de Ondas Grandes)&nbsp;o evento contar\u00e1 somente com atletas convidados.<\/p>\n<p class=\"p1\">Al\u00e9m do vencedor, tamb\u00e9m&nbsp;ser\u00e1 premiado o surfista que dropar a maior onda.<\/p>\n<p class=\"p1\">Para log\u00edstica e seguran\u00e7a, os competidores ter\u00e3o suporte da Sport Resgate e Lais de Guia, empresas especializadas em servi\u00e7os n\u00e1uticos.&nbsp;<\/p>\n<p class=\"p1\">A organiza\u00e7\u00e3o fica ao encargo das&nbsp;associa\u00e7\u00f5es de surf do Farol de Santa Marta&nbsp;e de Jaguaruna (ASTFSM e ATOW-INJ) em conjunto com a&nbsp;FECASURF.<\/p>\n<p class=\"p1\">O campeonato ter\u00e1 sistema de notas computadorizadas e transmiss\u00e3o ao vivo&nbsp;pela&nbsp;SurfPro e ter\u00e1 como head judge o diretor t\u00e9cnico da Confedera\u00e7\u00e3o Brasileira de Surf, Jord\u00e3o Bailo.<\/p>\n<p class=\"p1\"><span>Lista de Convidados:<\/span><\/p>\n<p class=\"p1\"><a href=\"http:\/\/www.mormaii.com.br\/atletas\/carlos-burle\"><span class=\"s1\">Carlos Burle<\/span><\/a>,&nbsp;<a href=\"http:\/\/www.mormaii.com.br\/atletas\/maya-gabeira\">Maya Gabeira<\/a>,&nbsp;<a href=\"http:\/\/www.mormaii.com.br\/atletas\/everaldo-pato-teixeira\">Everaldo Pato<\/a>,&nbsp;<a href=\"http:\/\/www.mormaii.com.br\/atletas\/sylvio-mancusi\">Sylvio Mancusi<\/a>,&nbsp;<a href=\"http:\/\/www.mormaii.com.br\/atletas\/fabio-gouveia\">Fabio Gouveia<\/a>, Yuri Soledade, D\u00ea da Barra, F\u00e1bio Carvalho, Rodrigo Resende, Danilo Couto, Aldemir Calunga, Rodrigo Koxa, Paulo Moura, Marcos Monteiro, Pedro Scooby, Felipe Cesarano, Haroldo Ambrosio, Jorge Pacelli, Vitor Farias, Marcio Freire, Lapo Coutinho, Bruno Santos, Alem\u00e3o Maresias, Alex Martins, Joao Baiuka, Rafael Fa\u00edsca, Luis Remor, Andr\u00e9 Paulista, Thiago Jacar\u00e9, Luiz Casagrande, Marcos Moraes, Marcelo Ulyssea, Gabriel Galdino, Alessandro Leonardo e Fabiano Tissot.<\/p>\n","protected":false},"excerpt":{"rendered":"<p>Foi lan\u00e7ado um novo sinal amarelo para o Desafio Mormaii de Ondas Grandes na Remada, a ser realizado na Praia do Cardoso, Cabo de Santa Marta (Santa Catarina), possivelmente dia 02 de setembro, quarta-feira. O sinal amarelo indica um estado de alerta oficial a todos competidores, p\u00fablico e organiza\u00e7\u00e3o, mediante a proximidade de um grande [&hellip;]<\/p>\n","protected":false},"author":3,"featured_media":0,"comment_status":"open","ping_status":"open","sticky":false,"template":"","format":"standard","meta":{"_uag_custom_page_level_css":"","_mi_skip_tracking":false,"footnotes":""},"categories":[914],"tags":[],"class_list":["post-2076","post","type-post","status-publish","format-standard","hentry","category-mormaii"],"acf":[],"uagb_featured_image_src":{"full":false,"thumbnail":false,"medium":false,"medium_large":false,"large":false,"1536x1536":false,"2048x2048":false,"qi_addons_for_elementor_image_size_square":false,"qi_addons_for_elementor_image_size_landscape":false,"qi_addons_for_elementor_image_size_portrait":false,"qi_addons_for_elementor_image_size_huge-square":false},"uagb_author_info":{"display_name":"mormaii_importer","author_link":"https:\/\/www.mormaii.com.br\/site\/author\/mormaii_importer\/"},"uagb_comment_info":0,"uagb_excerpt":"Foi lan\u00e7ado um novo sinal amarelo para o Desafio Mormaii de Ondas Grandes na Remada, a ser realizado na Praia do Cardoso, Cabo de Santa Marta (Santa Catarina), possivelmente dia 02 de setembro, quarta-feira. O sinal amarelo indica um estado de alerta oficial a todos competidores, p\u00fablico e organiza\u00e7\u00e3o, mediante a proximidade de um grande&hellip;","_links":{"self":[{"href":"https:\/\/www.mormaii.com.br\/site\/wp-json\/wp\/v2\/posts\/2076"}],"collection":[{"href":"https:\/\/www.mormaii.com.br\/site\/wp-json\/wp\/v2\/posts"}],"about":[{"href":"https:\/\/www.mormaii.com.br\/site\/wp-json\/wp\/v2\/types\/post"}],"author":[{"embeddable":true,"href":"https:\/\/www.mormaii.com.br\/site\/wp-json\/wp\/v2\/users\/3"}],"replies":[{"embeddable":true,"href":"https:\/\/www.mormaii.com.br\/site\/wp-json\/wp\/v2\/comments?post=2076"}],"version-history":[{"count":1,"href":"https:\/\/www.mormaii.com.br\/site\/wp-json\/wp\/v2\/posts\/2076\/revisions"}],"predecessor-version":[{"id":57120,"href":"https:\/\/www.mormaii.com.br\/site\/wp-json\/wp\/v2\/posts\/2076\/revisions\/57120"}],"wp:attachment":[{"href":"https:\/\/www.mormaii.com.br\/site\/wp-json\/wp\/v2\/media?parent=2076"}],"wp:term":[{"taxonomy":"category","embeddable":true,"href":"https:\/\/www.mormaii.com.br\/site\/wp-json\/wp\/v2\/categories?post=2076"},{"taxonomy":"post_tag","embeddable":true,"href":"https:\/\/www.mormaii.com.br\/site\/wp-json\/wp\/v2\/tags?post=2076"}],"curies":[{"name":"wp","href":"https:\/\/api.w.org\/{rel}","templated":true}]}}