{"id":2093,"date":"2016-04-04T13:33:38","date_gmt":"2016-04-04T13:33:38","guid":{"rendered":"http:\/\/www.mormaii.com.br\/site\/?p=2093"},"modified":"2022-06-10T10:53:07","modified_gmt":"2022-06-10T13:53:07","slug":"noticias1o-dia-do-mormaii-catarinense-pro-teve-show-de-surf-na-prainha","status":"publish","type":"post","link":"https:\/\/www.mormaii.com.br\/site\/noticias1o-dia-do-mormaii-catarinense-pro-teve-show-de-surf-na-prainha\/","title":{"rendered":"1\u00ba Dia do Mormaii Catarinense Pro teve show de surf na Prainha"},"content":{"rendered":"<p>Foi dada a largada na 2\u00aa&nbsp;etapa do Mormaii Catarinense Pro 2015, na Prainha de S\u00e3o Francisco do Sul\/SC.<\/p>\n<p class=\"p1\">O evento conta com a participa\u00e7\u00e3o de 105 atletas de 11 estados brasileiros disputando os R$ 30.000,00 (trinta mil reais) de premia\u00e7\u00e3o, al\u00e9m dos 1.000 pontos para os rankings Catarinense e Brasileiro do Abrasp Tour.<\/p>\n<p class=\"p1\">As previs\u00f5es se confirmaram e as ondas, na faixa de um metro com s\u00e9ries maiores, bombaram durante todo dia.<\/p>\n<p class=\"p1\">Neste domingo, as competi\u00e7\u00f5es iniciam as 08h&nbsp;pela 9\u00aa&nbsp;bateria do 3\u00ba round e a previs\u00e3o de t\u00e9rmino do evento com a entrega de premia\u00e7\u00e3o aos campe\u00f5es est\u00e1 programada para as 16h&nbsp;horas, na Prainha.<\/p>\n<p class=\"p1\">O evento est\u00e1 sendo transmitido ao vivo pelo <a href=\"http:\/\/www.mormaii.com.br\/noticias\/ao-vivo-or-mormaii-catarinense-pro\" rel=\"nofollow noopener\" target=\"_blank\">site da Mormaii<\/a>.&nbsp;<\/p>\n<p class=\"p2\">O Mormaii Catarinense Pro 2015 tem o patroc\u00ednio da Mormaii, Governo do Estado de Santa Catarina atrav\u00e9s da Secretaria de Estado de Turismo, Cultura e Esportes, Fesporte, Prefeitura Municipal de S\u00e3o Francisco do Sul.<\/p>\n<p class=\"p2\">O&nbsp;apoio \u00e9 da Secretaria de Turismo, Bar do Banana, Restaurante Harry, Rei do Frango, Pousada da Ilha, Hot\u00e9is Vila Real, Maria Angelina Im\u00f3veis, Alam Madeira Im\u00f3veis e Bar\u00e3o Supermercado.<\/p>\n<p class=\"p2\">A&nbsp;divulga\u00e7\u00e3o \u00e9 do Site Waves, Jornal Drop, Revista Solto, T\u00e1 na Onda, a realiza\u00e7\u00e3o \u00e9 da Fecasurf e AFS \u2013 Associa\u00e7\u00e3o Francisquense de Surf, e com a supervis\u00e3o da Abrasp.<\/p>\n<p>[Fotos: James Thisted]<\/p>\n","protected":false},"excerpt":{"rendered":"<p>Foi dada a largada na 2\u00aa&nbsp;etapa do Mormaii Catarinense Pro 2015, na Prainha de S\u00e3o Francisco do Sul\/SC. O evento conta com a participa\u00e7\u00e3o de 105 atletas de 11 estados brasileiros disputando os R$ 30.000,00 (trinta mil reais) de premia\u00e7\u00e3o, al\u00e9m dos 1.000 pontos para os rankings Catarinense e Brasileiro do Abrasp Tour. As previs\u00f5es [&hellip;]<\/p>\n","protected":false},"author":3,"featured_media":0,"comment_status":"open","ping_status":"open","sticky":false,"template":"","format":"standard","meta":{"_uag_custom_page_level_css":"","_mi_skip_tracking":false,"footnotes":""},"categories":[914],"tags":[],"class_list":["post-2093","post","type-post","status-publish","format-standard","hentry","category-mormaii"],"acf":[],"uagb_featured_image_src":{"full":false,"thumbnail":false,"medium":false,"medium_large":false,"large":false,"1536x1536":false,"2048x2048":false,"qi_addons_for_elementor_image_size_square":false,"qi_addons_for_elementor_image_size_landscape":false,"qi_addons_for_elementor_image_size_portrait":false,"qi_addons_for_elementor_image_size_huge-square":false},"uagb_author_info":{"display_name":"mormaii_importer","author_link":"https:\/\/www.mormaii.com.br\/site\/author\/mormaii_importer\/"},"uagb_comment_info":0,"uagb_excerpt":"Foi dada a largada na 2\u00aa&nbsp;etapa do Mormaii Catarinense Pro 2015, na Prainha de S\u00e3o Francisco do Sul\/SC. O evento conta com a participa\u00e7\u00e3o de 105 atletas de 11 estados brasileiros disputando os R$ 30.000,00 (trinta mil reais) de premia\u00e7\u00e3o, al\u00e9m dos 1.000 pontos para os rankings Catarinense e Brasileiro do Abrasp Tour. As previs\u00f5es&hellip;","_links":{"self":[{"href":"https:\/\/www.mormaii.com.br\/site\/wp-json\/wp\/v2\/posts\/2093"}],"collection":[{"href":"https:\/\/www.mormaii.com.br\/site\/wp-json\/wp\/v2\/posts"}],"about":[{"href":"https:\/\/www.mormaii.com.br\/site\/wp-json\/wp\/v2\/types\/post"}],"author":[{"embeddable":true,"href":"https:\/\/www.mormaii.com.br\/site\/wp-json\/wp\/v2\/users\/3"}],"replies":[{"embeddable":true,"href":"https:\/\/www.mormaii.com.br\/site\/wp-json\/wp\/v2\/comments?post=2093"}],"version-history":[{"count":1,"href":"https:\/\/www.mormaii.com.br\/site\/wp-json\/wp\/v2\/posts\/2093\/revisions"}],"predecessor-version":[{"id":58352,"href":"https:\/\/www.mormaii.com.br\/site\/wp-json\/wp\/v2\/posts\/2093\/revisions\/58352"}],"wp:attachment":[{"href":"https:\/\/www.mormaii.com.br\/site\/wp-json\/wp\/v2\/media?parent=2093"}],"wp:term":[{"taxonomy":"category","embeddable":true,"href":"https:\/\/www.mormaii.com.br\/site\/wp-json\/wp\/v2\/categories?post=2093"},{"taxonomy":"post_tag","embeddable":true,"href":"https:\/\/www.mormaii.com.br\/site\/wp-json\/wp\/v2\/tags?post=2093"}],"curies":[{"name":"wp","href":"https:\/\/api.w.org\/{rel}","templated":true}]}}