{"id":2096,"date":"2016-04-04T13:33:38","date_gmt":"2016-04-04T13:33:38","guid":{"rendered":"http:\/\/www.mormaii.com.br\/site\/?p=2096"},"modified":"2022-06-10T10:52:53","modified_gmt":"2022-06-10T13:52:53","slug":"noticias22-de-setembro-dia-mundial-sem-carro","status":"publish","type":"post","link":"https:\/\/www.mormaii.com.br\/site\/noticias22-de-setembro-dia-mundial-sem-carro\/","title":{"rendered":"22 de Setembro &#8221; Dia Mundial Sem Carro&#8221;"},"content":{"rendered":"<\/p>\n<p><b>22 de Setembro \u00e9 o Dia Mundial Sem Carro. Mas tamb\u00e9m pode ser todos os dias.<\/b><\/p>\n<p>Mais do que uma comemora\u00e7\u00e3o, essa \u00e9 uma data de conscientiza\u00e7\u00e3o e de mudan\u00e7a de atitudes. <br \/>Deixar o carro em casa e buscar outras formas de transporte j\u00e1 \u00e9 um passo muito importante para fazer um mundo melhor. <br \/>E os benef\u00edcios s\u00e3o incont\u00e1veis: ajuda a preservar o ambiente, faz bem \u00e0 sa\u00fade, melhora o tr\u00e2nsito, entre outras coisas.<\/p>\n<p>Pra te ajudar nessa mudan\u00e7a de pensamento, a gente vai dar algumas dicas legais para se ter mais qualidade de vida e salvar o planeta. N\u00e3o s\u00f3 no dia 22\/09, mas em todos os dias da sua vida.<\/p>\n<p>&#8211; Fique de bike com a vida. Isso mesmo, deixe o carro na garagem e v\u00e1 de magrela. Isso s\u00f3 faz bem, exercita, desestressa e n\u00e3o polui o meio ambiente.<\/p>\n<p>&#8211; Procure meios alternativos de transporte n\u00e3o poluente. E a\u00ed vale skate e caminhada.<\/p>\n<p>&#8211; Pegue carona. Combine com os colegas de trabalho ou de estudos, organizem-se e promovam um rod\u00edzio. Sair na companhia dos amigos \u00e9 sempre mais gostoso.<\/p>\n<p>&#8211; Escolha o transporte coletivo. Veja com cuidado os hor\u00e1rios dos \u00f4nibus e planeje para n\u00e3o prejudicar os seus compromissos di\u00e1rios.<\/p>\n<p>&#8211; Sempre que poss\u00edvel, caminhe. Com organiza\u00e7\u00e3o e disposi\u00e7\u00e3o, voc\u00ea movimenta o corpo, curte a paisagem e v\u00ea o seu mundo de outra maneira.<\/p>\n<p><strong>Dia Mundial Sem Carro. <\/strong>Fa\u00e7a sua parte por um mundo melhor.<\/p>\n<p><\/p>\n","protected":false},"excerpt":{"rendered":"<p>22 de Setembro \u00e9 o Dia Mundial Sem Carro. Mas tamb\u00e9m pode ser todos os dias. Mais do que uma comemora\u00e7\u00e3o, essa \u00e9 uma data de conscientiza\u00e7\u00e3o e de mudan\u00e7a de atitudes. Deixar o carro em casa e buscar outras formas de transporte j\u00e1 \u00e9 um passo muito importante para fazer um mundo melhor. E [&hellip;]<\/p>\n","protected":false},"author":3,"featured_media":0,"comment_status":"open","ping_status":"open","sticky":false,"template":"","format":"standard","meta":{"_uag_custom_page_level_css":"","_mi_skip_tracking":false,"footnotes":""},"categories":[914],"tags":[],"class_list":["post-2096","post","type-post","status-publish","format-standard","hentry","category-mormaii"],"acf":[],"uagb_featured_image_src":{"full":false,"thumbnail":false,"medium":false,"medium_large":false,"large":false,"1536x1536":false,"2048x2048":false,"qi_addons_for_elementor_image_size_square":false,"qi_addons_for_elementor_image_size_landscape":false,"qi_addons_for_elementor_image_size_portrait":false,"qi_addons_for_elementor_image_size_huge-square":false},"uagb_author_info":{"display_name":"mormaii_importer","author_link":"https:\/\/www.mormaii.com.br\/site\/author\/mormaii_importer\/"},"uagb_comment_info":0,"uagb_excerpt":"22 de Setembro \u00e9 o Dia Mundial Sem Carro. Mas tamb\u00e9m pode ser todos os dias. Mais do que uma comemora\u00e7\u00e3o, essa \u00e9 uma data de conscientiza\u00e7\u00e3o e de mudan\u00e7a de atitudes. Deixar o carro em casa e buscar outras formas de transporte j\u00e1 \u00e9 um passo muito importante para fazer um mundo melhor. E&hellip;","_links":{"self":[{"href":"https:\/\/www.mormaii.com.br\/site\/wp-json\/wp\/v2\/posts\/2096"}],"collection":[{"href":"https:\/\/www.mormaii.com.br\/site\/wp-json\/wp\/v2\/posts"}],"about":[{"href":"https:\/\/www.mormaii.com.br\/site\/wp-json\/wp\/v2\/types\/post"}],"author":[{"embeddable":true,"href":"https:\/\/www.mormaii.com.br\/site\/wp-json\/wp\/v2\/users\/3"}],"replies":[{"embeddable":true,"href":"https:\/\/www.mormaii.com.br\/site\/wp-json\/wp\/v2\/comments?post=2096"}],"version-history":[{"count":1,"href":"https:\/\/www.mormaii.com.br\/site\/wp-json\/wp\/v2\/posts\/2096\/revisions"}],"predecessor-version":[{"id":58348,"href":"https:\/\/www.mormaii.com.br\/site\/wp-json\/wp\/v2\/posts\/2096\/revisions\/58348"}],"wp:attachment":[{"href":"https:\/\/www.mormaii.com.br\/site\/wp-json\/wp\/v2\/media?parent=2096"}],"wp:term":[{"taxonomy":"category","embeddable":true,"href":"https:\/\/www.mormaii.com.br\/site\/wp-json\/wp\/v2\/categories?post=2096"},{"taxonomy":"post_tag","embeddable":true,"href":"https:\/\/www.mormaii.com.br\/site\/wp-json\/wp\/v2\/tags?post=2096"}],"curies":[{"name":"wp","href":"https:\/\/api.w.org\/{rel}","templated":true}]}}