{"id":2115,"date":"2016-04-04T13:33:38","date_gmt":"2016-04-04T13:33:38","guid":{"rendered":"http:\/\/www.mormaii.com.br\/site\/?p=2115"},"modified":"2022-06-10T10:41:12","modified_gmt":"2022-06-10T13:41:12","slug":"noticiascarlos-burle-lanca-o-filme-gigantes-por-natureza","status":"publish","type":"post","link":"https:\/\/www.mormaii.com.br\/site\/noticiascarlos-burle-lanca-o-filme-gigantes-por-natureza\/","title":{"rendered":"Carlos Burle lan\u00e7a o filme &#8220;Gigantes por Natureza&#8221;"},"content":{"rendered":"<p><a href=\"http:\/\/www.mormaii.com.br\/atletas\/carlos-burle\" rel=\"nofollow noopener\" target=\"_blank\" style=\"background-color: rgb(255, 255, 255);\">Carlos Burle<\/a> dedicou a maior parte de sua vida ao surf, onde conquistou respeito internacional e sagrou-se bicampe\u00e3o mundial de ondas grandes.&nbsp;<\/p>\n<p class=\"p1\">Sua hist\u00f3ria nos maiores picos do planeta ser\u00e1 contada no cinema atrav\u00e9s do filme &#8220;Gigante por Natureza\u201d, dirigido pelo cineasta Felipe Joffily, com roteiro de Gustavo Moretzsohn e produ\u00e7\u00e3o de Carlos Sanfelice.<\/p>\n<p class=\"p1\">Segundo o diretor,&nbsp;a produ\u00e7\u00e3o n\u00e3o tem a performance do big rider como argumento principal. \u201c\u00c9 um document\u00e1rio que cruza performance e depoimentos sobre quest\u00f5es relativas aos seres humanos comuns e pessoas consagradas nas suas especialidades\u201c<\/p>\n<p class=\"p1\">A expectativa da produtora \u00e9 que fique dispon\u00edvel at\u00e9 o final do segundo semestre de 2015.&nbsp;<\/p>\n<p class=\"p1\">&#8220;As pessoas podem esperar por uma obra \u00e1udio visual feita com muito amor, carinho e dedica\u00e7\u00e3o&#8221;, revela Sanfelice.&nbsp;<\/p>\n<p class=\"p1\">&#8220;Queremos que as pessoas se enxerguem na figura do ser humano surfista e vice-versa. Fica claro nosso objetivo de aproximar os universos\u201d, declara Burle.<\/p>\n<p class=\"p1\">Perguntado sobre a possibilidade de sair das telas e ir para as p\u00e1ginas de um livro, o big rider confirma que j\u00e1 deu in\u00edcio \u00e0 obra, por\u00e9m ainda sem previs\u00e3o de lan\u00e7amento.&nbsp;<\/p>\n<p class=\"p1\">Est\u00e1 ansioso pelo lan\u00e7amento de \u201cGigantes Por Natureza\u201d? Assista ao teaser abaixo e entre no clima.<\/p>\n<p><\/p>\n<p><iframe loading=\"lazy\" width=\"800\" height=\"450\" src=\"https:\/\/www.youtube.com\/embed\/mYJ7PsADhvU?rel=0&amp;showinfo=0\" frameborder=\"0\" allowfullscreen=\"\"><\/iframe><\/p>\n<p><\/p>\n<p>[Foto: Divulga\u00e7\u00e3o M\u00eddia Bacana]<\/p>\n","protected":false},"excerpt":{"rendered":"<p>Carlos Burle dedicou a maior parte de sua vida ao surf, onde conquistou respeito internacional e sagrou-se bicampe\u00e3o mundial de ondas grandes.&nbsp; Sua hist\u00f3ria nos maiores picos do planeta ser\u00e1 contada no cinema atrav\u00e9s do filme &#8220;Gigante por Natureza\u201d, dirigido pelo cineasta Felipe Joffily, com roteiro de Gustavo Moretzsohn e produ\u00e7\u00e3o de Carlos Sanfelice. Segundo [&hellip;]<\/p>\n","protected":false},"author":3,"featured_media":0,"comment_status":"open","ping_status":"open","sticky":false,"template":"","format":"standard","meta":{"_uag_custom_page_level_css":"","_mi_skip_tracking":false,"footnotes":""},"categories":[914],"tags":[],"class_list":["post-2115","post","type-post","status-publish","format-standard","hentry","category-mormaii"],"acf":[],"uagb_featured_image_src":{"full":false,"thumbnail":false,"medium":false,"medium_large":false,"large":false,"1536x1536":false,"2048x2048":false,"qi_addons_for_elementor_image_size_square":false,"qi_addons_for_elementor_image_size_landscape":false,"qi_addons_for_elementor_image_size_portrait":false,"qi_addons_for_elementor_image_size_huge-square":false},"uagb_author_info":{"display_name":"mormaii_importer","author_link":"https:\/\/www.mormaii.com.br\/site\/author\/mormaii_importer\/"},"uagb_comment_info":0,"uagb_excerpt":"Carlos Burle dedicou a maior parte de sua vida ao surf, onde conquistou respeito internacional e sagrou-se bicampe\u00e3o mundial de ondas grandes.&nbsp; Sua hist\u00f3ria nos maiores picos do planeta ser\u00e1 contada no cinema atrav\u00e9s do filme &#8220;Gigante por Natureza\u201d, dirigido pelo cineasta Felipe Joffily, com roteiro de Gustavo Moretzsohn e produ\u00e7\u00e3o de Carlos Sanfelice. Segundo&hellip;","_links":{"self":[{"href":"https:\/\/www.mormaii.com.br\/site\/wp-json\/wp\/v2\/posts\/2115"}],"collection":[{"href":"https:\/\/www.mormaii.com.br\/site\/wp-json\/wp\/v2\/posts"}],"about":[{"href":"https:\/\/www.mormaii.com.br\/site\/wp-json\/wp\/v2\/types\/post"}],"author":[{"embeddable":true,"href":"https:\/\/www.mormaii.com.br\/site\/wp-json\/wp\/v2\/users\/3"}],"replies":[{"embeddable":true,"href":"https:\/\/www.mormaii.com.br\/site\/wp-json\/wp\/v2\/comments?post=2115"}],"version-history":[{"count":1,"href":"https:\/\/www.mormaii.com.br\/site\/wp-json\/wp\/v2\/posts\/2115\/revisions"}],"predecessor-version":[{"id":57760,"href":"https:\/\/www.mormaii.com.br\/site\/wp-json\/wp\/v2\/posts\/2115\/revisions\/57760"}],"wp:attachment":[{"href":"https:\/\/www.mormaii.com.br\/site\/wp-json\/wp\/v2\/media?parent=2115"}],"wp:term":[{"taxonomy":"category","embeddable":true,"href":"https:\/\/www.mormaii.com.br\/site\/wp-json\/wp\/v2\/categories?post=2115"},{"taxonomy":"post_tag","embeddable":true,"href":"https:\/\/www.mormaii.com.br\/site\/wp-json\/wp\/v2\/tags?post=2115"}],"curies":[{"name":"wp","href":"https:\/\/api.w.org\/{rel}","templated":true}]}}