{"id":2116,"date":"2016-04-04T13:33:38","date_gmt":"2016-04-04T13:33:38","guid":{"rendered":"http:\/\/www.mormaii.com.br\/site\/?p=2116"},"modified":"2022-06-10T10:52:05","modified_gmt":"2022-06-10T13:52:05","slug":"noticiasa-mormaii-vai-fazer-bonito-no-13o-oscar-fashion-day","status":"publish","type":"post","link":"https:\/\/www.mormaii.com.br\/site\/noticiasa-mormaii-vai-fazer-bonito-no-13o-oscar-fashion-day\/","title":{"rendered":"A Mormaii vai fazer Bonito no  13\u00ba Oscar Fashion Day."},"content":{"rendered":"<p><\/p>\n<p>Nos dias 17 e 18\/09, vai rolar o  13<sup>o<\/sup> Oscar Fashion Day, um dos maiores eventos de moda do pa\u00eds, no  Expo Vale Sul, em S\u00e3o Jos\u00e9 dos Campos. E a Mormaii vai estar presente com um  estande cheio de novidades.<\/p>\n<p>Tem surpresa tamb\u00e9m no desfile de moda: as  participa\u00e7\u00f5es do ator Global <b>Romulo  Neto<\/b> e dos atletas da Mormaii <b>Marcos  Gabriel<\/b> e o <b>Leonardo de Deus<\/b>,  que ir\u00e3o desfilar com diversos produtos da marca.<\/p>\n<p>O  Oscar Fashion Day re\u00fane mais de 30 marcas nacionais e internacionais, com  lan\u00e7amentos em cal\u00e7ados, roupas e acess\u00f3rios para as cole\u00e7\u00f5es Primavera \/ Ver\u00e3o  2016.<\/p>\n<p>Al\u00e9m disso, vai ter Food Trucks, espa\u00e7os interativos, performances e  shows. O p\u00fablico esperado \u00e9 de 4 mil convidados por dia.<\/p>\n<p>Venha at\u00e9 nosso  estande, tem novidades incr\u00edveis, clique e conhe\u00e7a mais no site <a href=\"http:\/\/www.mormaii.com.br\/produtos\/moda-e-acessorios\/calcados\" rel=\"nofollow noopener\" target=\"_blank\">www.mormaii.com.br<\/a>.<\/p>\n<p>Estamos te  esperando!<\/p>\n<p><strong><em>Informa\u00e7\u00f5es:<\/em><\/strong><\/p>\n<p>13<sup>o<\/sup> Oscar  Fashion Day<br \/>Estande Mormaii: Todos os  dias do evento<br \/>Desfile de moda: 17\/09, \u00e0s  20h30<br \/>Data: 17 e  18\/09<br \/>Local: Expo Vale  Sul<br \/>Endere\u00e7o: Rua Andr\u00f4meda,  200 \u2013 Jardim Sat\u00e9lite<br \/>S\u00e3o Jos\u00e9 dos Campos \u2013 S\u00e3o  Paulo<br \/><a href=\"https:\/\/www.facebook.com\/oscarcalcados\" rel=\"nofollow noopener\" target=\"_blank\"><strong>Facebook<\/strong><\/a><strong>&nbsp;<\/strong><\/p>\n<p><strong><em>Ingressos:<br \/><\/em><\/strong>Passe em  qualquer loja Oscar Cal\u00e7ados &nbsp;<a href=\"http:\/\/www.oscarcalcados.com.br\/NossasLojas\" rel=\"nofollow noopener\" target=\"_blank\">www.oscarcalcados.com.br<\/a> e troque uma lata de leite em p\u00f3 por um convite. Cada convite d\u00e1 direito \u00e0  entrada de 01 desfile. Ingressos limitados. <\/p>\n<p>Para saber mais  sobre o evento, clique aqui <a href=\"https:\/\/www.facebook.com\/oscarcalcados\" rel=\"nofollow noopener\" target=\"_blank\">www.facebook.com<\/a><\/p>\n<p><\/p>\n","protected":false},"excerpt":{"rendered":"<p>Nos dias 17 e 18\/09, vai rolar o 13o Oscar Fashion Day, um dos maiores eventos de moda do pa\u00eds, no Expo Vale Sul, em S\u00e3o Jos\u00e9 dos Campos. E a Mormaii vai estar presente com um estande cheio de novidades. Tem surpresa tamb\u00e9m no desfile de moda: as participa\u00e7\u00f5es do ator Global Romulo Neto [&hellip;]<\/p>\n","protected":false},"author":3,"featured_media":0,"comment_status":"open","ping_status":"open","sticky":false,"template":"","format":"standard","meta":{"_uag_custom_page_level_css":"","_mi_skip_tracking":false,"footnotes":""},"categories":[914],"tags":[],"class_list":["post-2116","post","type-post","status-publish","format-standard","hentry","category-mormaii"],"acf":[],"uagb_featured_image_src":{"full":false,"thumbnail":false,"medium":false,"medium_large":false,"large":false,"1536x1536":false,"2048x2048":false,"qi_addons_for_elementor_image_size_square":false,"qi_addons_for_elementor_image_size_landscape":false,"qi_addons_for_elementor_image_size_portrait":false,"qi_addons_for_elementor_image_size_huge-square":false},"uagb_author_info":{"display_name":"mormaii_importer","author_link":"https:\/\/www.mormaii.com.br\/site\/author\/mormaii_importer\/"},"uagb_comment_info":0,"uagb_excerpt":"Nos dias 17 e 18\/09, vai rolar o 13o Oscar Fashion Day, um dos maiores eventos de moda do pa\u00eds, no Expo Vale Sul, em S\u00e3o Jos\u00e9 dos Campos. E a Mormaii vai estar presente com um estande cheio de novidades. Tem surpresa tamb\u00e9m no desfile de moda: as participa\u00e7\u00f5es do ator Global Romulo Neto&hellip;","_links":{"self":[{"href":"https:\/\/www.mormaii.com.br\/site\/wp-json\/wp\/v2\/posts\/2116"}],"collection":[{"href":"https:\/\/www.mormaii.com.br\/site\/wp-json\/wp\/v2\/posts"}],"about":[{"href":"https:\/\/www.mormaii.com.br\/site\/wp-json\/wp\/v2\/types\/post"}],"author":[{"embeddable":true,"href":"https:\/\/www.mormaii.com.br\/site\/wp-json\/wp\/v2\/users\/3"}],"replies":[{"embeddable":true,"href":"https:\/\/www.mormaii.com.br\/site\/wp-json\/wp\/v2\/comments?post=2116"}],"version-history":[{"count":1,"href":"https:\/\/www.mormaii.com.br\/site\/wp-json\/wp\/v2\/posts\/2116\/revisions"}],"predecessor-version":[{"id":58324,"href":"https:\/\/www.mormaii.com.br\/site\/wp-json\/wp\/v2\/posts\/2116\/revisions\/58324"}],"wp:attachment":[{"href":"https:\/\/www.mormaii.com.br\/site\/wp-json\/wp\/v2\/media?parent=2116"}],"wp:term":[{"taxonomy":"category","embeddable":true,"href":"https:\/\/www.mormaii.com.br\/site\/wp-json\/wp\/v2\/categories?post=2116"},{"taxonomy":"post_tag","embeddable":true,"href":"https:\/\/www.mormaii.com.br\/site\/wp-json\/wp\/v2\/tags?post=2116"}],"curies":[{"name":"wp","href":"https:\/\/api.w.org\/{rel}","templated":true}]}}