{"id":2126,"date":"2016-04-04T13:33:38","date_gmt":"2016-04-04T13:33:38","guid":{"rendered":"http:\/\/www.mormaii.com.br\/site\/?p=2126"},"modified":"2022-06-10T10:51:10","modified_gmt":"2022-06-10T13:51:10","slug":"noticiasallan-do-carmo-no-esporte-fantastico","status":"publish","type":"post","link":"https:\/\/www.mormaii.com.br\/site\/noticiasallan-do-carmo-no-esporte-fantastico\/","title":{"rendered":"Allan do Carmo no Esporte Fant\u00e1stico"},"content":{"rendered":"<p><a href=\"http:\/\/www.mormaii.com.br\/atletas\/allan-do-carmo\" rel=\"nofollow noopener\" target=\"_blank\" style=\"background-color: rgb(255, 255, 255);\">Allan do Carmo<\/a> \u00e9 uma das principais esperan\u00e7as brasileiras de medalhas nas Olimp\u00edadas do Rio 2016.<\/p>\n<p class=\"p1\">O baiano \u00e9 o atual campe\u00e3o mundial de maratonas aqu\u00e1ticas, eleito pela FINA como o melhor nadador de \u00e1guas abertas do planeta em 2014.<\/p>\n<p class=\"p1\">Por\u00e9m, independentemente de qualquer resultado, Allan j\u00e1 \u00e9 medalha de ouro no cora\u00e7\u00e3o da torcida brasileira.<\/p>\n<p class=\"p1\">Carisma e bom humor n\u00e3o faltam ao atleta, que conta ainda com uma torcedora muito especial, a cantora Ivete Sangalo.<\/p>\n<p class=\"p1\">Na reportagem abaixo, produzida pelo programa Esporte Fant\u00e1stico da Rede Record, voc\u00ea acompanha o estilo de vida de Allan do Carmo, seus treinamentos e o carinho de&nbsp;uma torcida empolgada&nbsp;que, com certeza, faz toda diferen\u00e7a na vida do atleta.<\/p>\n<p class=\"p1\"><\/p>\n<p><iframe loading=\"lazy\" width=\"800\" height=\"450\" src=\"https:\/\/www.youtube.com\/embed\/0seEmKW0wNk?rel=0&amp;showinfo=0\" frameborder=\"0\" allowfullscreen=\"\"><\/iframe><\/p>\n<p><\/p>\n<p>[Foto: Arquivo Pessoal]<\/p>\n","protected":false},"excerpt":{"rendered":"<p>Allan do Carmo \u00e9 uma das principais esperan\u00e7as brasileiras de medalhas nas Olimp\u00edadas do Rio 2016. O baiano \u00e9 o atual campe\u00e3o mundial de maratonas aqu\u00e1ticas, eleito pela FINA como o melhor nadador de \u00e1guas abertas do planeta em 2014. Por\u00e9m, independentemente de qualquer resultado, Allan j\u00e1 \u00e9 medalha de ouro no cora\u00e7\u00e3o da torcida [&hellip;]<\/p>\n","protected":false},"author":3,"featured_media":0,"comment_status":"open","ping_status":"open","sticky":false,"template":"","format":"standard","meta":{"_uag_custom_page_level_css":"","_mi_skip_tracking":false,"footnotes":""},"categories":[914],"tags":[],"class_list":["post-2126","post","type-post","status-publish","format-standard","hentry","category-mormaii"],"acf":[],"uagb_featured_image_src":{"full":false,"thumbnail":false,"medium":false,"medium_large":false,"large":false,"1536x1536":false,"2048x2048":false,"qi_addons_for_elementor_image_size_square":false,"qi_addons_for_elementor_image_size_landscape":false,"qi_addons_for_elementor_image_size_portrait":false,"qi_addons_for_elementor_image_size_huge-square":false},"uagb_author_info":{"display_name":"mormaii_importer","author_link":"https:\/\/www.mormaii.com.br\/site\/author\/mormaii_importer\/"},"uagb_comment_info":0,"uagb_excerpt":"Allan do Carmo \u00e9 uma das principais esperan\u00e7as brasileiras de medalhas nas Olimp\u00edadas do Rio 2016. O baiano \u00e9 o atual campe\u00e3o mundial de maratonas aqu\u00e1ticas, eleito pela FINA como o melhor nadador de \u00e1guas abertas do planeta em 2014. Por\u00e9m, independentemente de qualquer resultado, Allan j\u00e1 \u00e9 medalha de ouro no cora\u00e7\u00e3o da torcida&hellip;","_links":{"self":[{"href":"https:\/\/www.mormaii.com.br\/site\/wp-json\/wp\/v2\/posts\/2126"}],"collection":[{"href":"https:\/\/www.mormaii.com.br\/site\/wp-json\/wp\/v2\/posts"}],"about":[{"href":"https:\/\/www.mormaii.com.br\/site\/wp-json\/wp\/v2\/types\/post"}],"author":[{"embeddable":true,"href":"https:\/\/www.mormaii.com.br\/site\/wp-json\/wp\/v2\/users\/3"}],"replies":[{"embeddable":true,"href":"https:\/\/www.mormaii.com.br\/site\/wp-json\/wp\/v2\/comments?post=2126"}],"version-history":[{"count":1,"href":"https:\/\/www.mormaii.com.br\/site\/wp-json\/wp\/v2\/posts\/2126\/revisions"}],"predecessor-version":[{"id":58283,"href":"https:\/\/www.mormaii.com.br\/site\/wp-json\/wp\/v2\/posts\/2126\/revisions\/58283"}],"wp:attachment":[{"href":"https:\/\/www.mormaii.com.br\/site\/wp-json\/wp\/v2\/media?parent=2126"}],"wp:term":[{"taxonomy":"category","embeddable":true,"href":"https:\/\/www.mormaii.com.br\/site\/wp-json\/wp\/v2\/categories?post=2126"},{"taxonomy":"post_tag","embeddable":true,"href":"https:\/\/www.mormaii.com.br\/site\/wp-json\/wp\/v2\/tags?post=2126"}],"curies":[{"name":"wp","href":"https:\/\/api.w.org\/{rel}","templated":true}]}}