{"id":2159,"date":"2016-04-04T13:33:38","date_gmt":"2016-04-04T13:33:38","guid":{"rendered":"http:\/\/www.mormaii.com.br\/site\/?p=2159"},"modified":"2022-06-10T10:34:10","modified_gmt":"2022-06-10T13:34:10","slug":"noticiasfique-por-dentro-dos-treinos-de-carlos-burle","status":"publish","type":"post","link":"https:\/\/www.mormaii.com.br\/site\/noticiasfique-por-dentro-dos-treinos-de-carlos-burle\/","title":{"rendered":"Fique por dentro dos treinos de Carlos Burle"},"content":{"rendered":"<p><a href=\"http:\/\/www.mormaii.com.br\/atletas\/carlos-burle\" rel=\"nofollow noopener\" target=\"_blank\">Carlos Burle<\/a>&nbsp;\u00e9 bicampe\u00e3o mundial de ondas gigantes. Nascido no recife,&nbsp;est\u00e1 sempre treinando tow in&nbsp;nas ondas da Barra da Tijuca, no Rio.<\/p>\n<p>De retorno marcado para Nazar\u00e9, em Portugal, ao lado de <a href=\"http:\/\/www.mormaii.com.br\/atletas\/maya-gabeira\" rel=\"nofollow noopener\" target=\"_blank\">Maya Gabeira<\/a>, poder aprimorar suas t\u00e9cnicas&nbsp;no quintal de casa e ainda manter os m\u00fasculos e reflexos em dia para quando o mar ficar realmente cabuloso \u00e9 um privil\u00e9gio que ele usufrui com a maior&nbsp;satisfa\u00e7\u00e3o.<\/p>\n<p>No v\u00eddeo abaixo, voc\u00ea confere um pouco da sua rotina, o design de&nbsp;suas pranchas,&nbsp;quais seus picos preferidos no Brasil e outras curiosidades que cercam o bicampe\u00e3o mundial de ondas gigantes.<\/p>\n<p>Para acompanhar&nbsp;as aventuras de Carlos Burle, fique ligado&nbsp;no programa Desejar Profundo, no Canal OFF, todas quartas, \u00e0s 22h.<\/p>\n<p><\/p>\n<p><iframe loading=\"lazy\" width=\"800\" height=\"450\" src=\"https:\/\/www.youtube.com\/embed\/m0dInExSjKM?rel=0&amp;showinfo=0\" frameborder=\"0\" allowfullscreen=\"\"><\/iframe><\/p>\n<p>[Foto: Arquivo Pessoal]      <\/p>\n","protected":false},"excerpt":{"rendered":"<p>Carlos Burle&nbsp;\u00e9 bicampe\u00e3o mundial de ondas gigantes. Nascido no recife,&nbsp;est\u00e1 sempre treinando tow in&nbsp;nas ondas da Barra da Tijuca, no Rio. De retorno marcado para Nazar\u00e9, em Portugal, ao lado de Maya Gabeira, poder aprimorar suas t\u00e9cnicas&nbsp;no quintal de casa e ainda manter os m\u00fasculos e reflexos em dia para quando o mar ficar realmente [&hellip;]<\/p>\n","protected":false},"author":3,"featured_media":0,"comment_status":"open","ping_status":"open","sticky":false,"template":"","format":"standard","meta":{"_uag_custom_page_level_css":"","_mi_skip_tracking":false,"footnotes":""},"categories":[914],"tags":[],"class_list":["post-2159","post","type-post","status-publish","format-standard","hentry","category-mormaii"],"acf":[],"uagb_featured_image_src":{"full":false,"thumbnail":false,"medium":false,"medium_large":false,"large":false,"1536x1536":false,"2048x2048":false,"qi_addons_for_elementor_image_size_square":false,"qi_addons_for_elementor_image_size_landscape":false,"qi_addons_for_elementor_image_size_portrait":false,"qi_addons_for_elementor_image_size_huge-square":false},"uagb_author_info":{"display_name":"mormaii_importer","author_link":"https:\/\/www.mormaii.com.br\/site\/author\/mormaii_importer\/"},"uagb_comment_info":0,"uagb_excerpt":"Carlos Burle&nbsp;\u00e9 bicampe\u00e3o mundial de ondas gigantes. Nascido no recife,&nbsp;est\u00e1 sempre treinando tow in&nbsp;nas ondas da Barra da Tijuca, no Rio. De retorno marcado para Nazar\u00e9, em Portugal, ao lado de Maya Gabeira, poder aprimorar suas t\u00e9cnicas&nbsp;no quintal de casa e ainda manter os m\u00fasculos e reflexos em dia para quando o mar ficar realmente&hellip;","_links":{"self":[{"href":"https:\/\/www.mormaii.com.br\/site\/wp-json\/wp\/v2\/posts\/2159"}],"collection":[{"href":"https:\/\/www.mormaii.com.br\/site\/wp-json\/wp\/v2\/posts"}],"about":[{"href":"https:\/\/www.mormaii.com.br\/site\/wp-json\/wp\/v2\/types\/post"}],"author":[{"embeddable":true,"href":"https:\/\/www.mormaii.com.br\/site\/wp-json\/wp\/v2\/users\/3"}],"replies":[{"embeddable":true,"href":"https:\/\/www.mormaii.com.br\/site\/wp-json\/wp\/v2\/comments?post=2159"}],"version-history":[{"count":1,"href":"https:\/\/www.mormaii.com.br\/site\/wp-json\/wp\/v2\/posts\/2159\/revisions"}],"predecessor-version":[{"id":57537,"href":"https:\/\/www.mormaii.com.br\/site\/wp-json\/wp\/v2\/posts\/2159\/revisions\/57537"}],"wp:attachment":[{"href":"https:\/\/www.mormaii.com.br\/site\/wp-json\/wp\/v2\/media?parent=2159"}],"wp:term":[{"taxonomy":"category","embeddable":true,"href":"https:\/\/www.mormaii.com.br\/site\/wp-json\/wp\/v2\/categories?post=2159"},{"taxonomy":"post_tag","embeddable":true,"href":"https:\/\/www.mormaii.com.br\/site\/wp-json\/wp\/v2\/tags?post=2159"}],"curies":[{"name":"wp","href":"https:\/\/api.w.org\/{rel}","templated":true}]}}