{"id":2182,"date":"2016-04-04T13:33:38","date_gmt":"2016-04-04T13:33:38","guid":{"rendered":"http:\/\/www.mormaii.com.br\/site\/?p=2182"},"modified":"2022-06-10T10:41:13","modified_gmt":"2022-06-10T13:41:13","slug":"noticiascarlos-burle-e-maya-gabeira-retornam-a-portugal","status":"publish","type":"post","link":"https:\/\/www.mormaii.com.br\/site\/noticiascarlos-burle-e-maya-gabeira-retornam-a-portugal\/","title":{"rendered":"Carlos Burle e Maya Gabeira retornam a Portugal"},"content":{"rendered":"<p><a href=\"http:\/\/www.mormaii.com.br\/atletas\/carlos-burle\" rel=\"nofollow noopener\" target=\"_blank\">Carlos Burle<\/a> e <a href=\"http:\/\/www.mormaii.com.br\/atletas\/maya-gabeira\" rel=\"nofollow noopener\" target=\"_blank\">Maya Gabeira<\/a> est\u00e3o de volta Portugal para mais um desafio ao Canh\u00e3o de Nazar\u00e9.<\/p>\n<p class=\"p1\">Incr\u00edvel como o pa\u00eds europeu recebeu destaque no cen\u00e1rio das ondas gigantes de uns anos pra c\u00e1, dividindo com o Hava\u00ed o protagonismo da temporada de ondula\u00e7\u00f5es do hemisf\u00e9rio norte.<\/p>\n<p class=\"p1\">Foi nessa mesma Praia do Norte, h\u00e1 dois anos, que Burle efetuou o resgate de Maya&nbsp;em&nbsp;uma cena que ficou marcada para sempre na hist\u00f3ria do esporte.<\/p>\n<p class=\"p1\">Sobre os preparativos para as novas aventuras que est\u00e3o rec\u00e9m iniciando, o big rider afirma: &#8220;Estamos numa expectativa muito boa, treinamos bastante no Brasil. Foram meses antes de vir para Portugal. Muito tempo planejando como seria nosso retorno. A equipe est\u00e1 superafiada. N\u00f3s trouxemos o Alem\u00e3o de Maresias para fazer a parte da seguran\u00e7a na \u00e1gua. Ele \u00e9 um cara muito experiente e trabalha nessa \u00e1rea h\u00e1 muito tempo, al\u00e9m de ser um excelente homem do mar e surfista. O Scooby esta chegando no dia 20, fica at\u00e9 novembro com o time treinando. A gente est\u00e1 com uma estrutura muito boa&nbsp;e uma equipe em Portugal nos ajudando.&#8221;<\/p>\n<p class=\"p1\">N\u00e3o por acaso, o retorno dos surfistas&nbsp;est\u00e1 movimentando o notici\u00e1rio novamente.<\/p>\n<p class=\"p1\">Por aqui, a Rede Globo est\u00e1 preparando uma s\u00e9rie de reportagens especiais sobre o time e suas aventuras.<\/p>\n<p class=\"p1\">Em Portugal, as redes de TV tamb\u00e9m est\u00e3o atentas a movimenta\u00e7\u00e3o, demonstrando grande interesse na a\u00e7\u00e3o dos brasileiros.<\/p>\n<p class=\"p1\">Fique ligado no site da Mormaii para mais not\u00edcias sobre os big riders&nbsp;e as ondas gigantes de Portugal.<\/p>\n<p class=\"p1\">Abaixo, voc\u00ea assiste dois v\u00eddeos. O primeiro sobre&nbsp;a chegada de Maya \u00e0 Terrinha, com&nbsp;a recep\u00e7\u00e3o calorosa dos portugueses; e o segundo sobre&nbsp;a famosa sess\u00e3o que ocorreu em 2013 no Canh\u00e3o de Nazar\u00e9.<\/p>\n<p><\/p>\n<p><iframe loading=\"lazy\" width=\"800\" height=\"450\" src=\"https:\/\/www.youtube.com\/embed\/MAGxMEaYGyU?rel=0&amp;showinfo=0\" frameborder=\"0\" allowfullscreen=\"\"><\/iframe><iframe loading=\"lazy\" width=\"800\" height=\"450\" src=\"https:\/\/www.youtube.com\/embed\/mkwmtzgaITU?rel=0&amp;showinfo=0\" frameborder=\"0\" allowfullscreen=\"\"><\/iframe><\/p>\n","protected":false},"excerpt":{"rendered":"<p>Carlos Burle e Maya Gabeira est\u00e3o de volta Portugal para mais um desafio ao Canh\u00e3o de Nazar\u00e9. Incr\u00edvel como o pa\u00eds europeu recebeu destaque no cen\u00e1rio das ondas gigantes de uns anos pra c\u00e1, dividindo com o Hava\u00ed o protagonismo da temporada de ondula\u00e7\u00f5es do hemisf\u00e9rio norte. Foi nessa mesma Praia do Norte, h\u00e1 dois [&hellip;]<\/p>\n","protected":false},"author":3,"featured_media":0,"comment_status":"open","ping_status":"open","sticky":false,"template":"","format":"standard","meta":{"_uag_custom_page_level_css":"","_mi_skip_tracking":false,"footnotes":""},"categories":[914],"tags":[],"class_list":["post-2182","post","type-post","status-publish","format-standard","hentry","category-mormaii"],"acf":[],"uagb_featured_image_src":{"full":false,"thumbnail":false,"medium":false,"medium_large":false,"large":false,"1536x1536":false,"2048x2048":false,"qi_addons_for_elementor_image_size_square":false,"qi_addons_for_elementor_image_size_landscape":false,"qi_addons_for_elementor_image_size_portrait":false,"qi_addons_for_elementor_image_size_huge-square":false},"uagb_author_info":{"display_name":"mormaii_importer","author_link":"https:\/\/www.mormaii.com.br\/site\/author\/mormaii_importer\/"},"uagb_comment_info":0,"uagb_excerpt":"Carlos Burle e Maya Gabeira est\u00e3o de volta Portugal para mais um desafio ao Canh\u00e3o de Nazar\u00e9. Incr\u00edvel como o pa\u00eds europeu recebeu destaque no cen\u00e1rio das ondas gigantes de uns anos pra c\u00e1, dividindo com o Hava\u00ed o protagonismo da temporada de ondula\u00e7\u00f5es do hemisf\u00e9rio norte. Foi nessa mesma Praia do Norte, h\u00e1 dois&hellip;","_links":{"self":[{"href":"https:\/\/www.mormaii.com.br\/site\/wp-json\/wp\/v2\/posts\/2182"}],"collection":[{"href":"https:\/\/www.mormaii.com.br\/site\/wp-json\/wp\/v2\/posts"}],"about":[{"href":"https:\/\/www.mormaii.com.br\/site\/wp-json\/wp\/v2\/types\/post"}],"author":[{"embeddable":true,"href":"https:\/\/www.mormaii.com.br\/site\/wp-json\/wp\/v2\/users\/3"}],"replies":[{"embeddable":true,"href":"https:\/\/www.mormaii.com.br\/site\/wp-json\/wp\/v2\/comments?post=2182"}],"version-history":[{"count":1,"href":"https:\/\/www.mormaii.com.br\/site\/wp-json\/wp\/v2\/posts\/2182\/revisions"}],"predecessor-version":[{"id":57773,"href":"https:\/\/www.mormaii.com.br\/site\/wp-json\/wp\/v2\/posts\/2182\/revisions\/57773"}],"wp:attachment":[{"href":"https:\/\/www.mormaii.com.br\/site\/wp-json\/wp\/v2\/media?parent=2182"}],"wp:term":[{"taxonomy":"category","embeddable":true,"href":"https:\/\/www.mormaii.com.br\/site\/wp-json\/wp\/v2\/categories?post=2182"},{"taxonomy":"post_tag","embeddable":true,"href":"https:\/\/www.mormaii.com.br\/site\/wp-json\/wp\/v2\/tags?post=2182"}],"curies":[{"name":"wp","href":"https:\/\/api.w.org\/{rel}","templated":true}]}}