{"id":2189,"date":"2016-04-04T13:33:38","date_gmt":"2016-04-04T13:33:38","guid":{"rendered":"http:\/\/www.mormaii.com.br\/site\/?p=2189"},"modified":"2022-06-10T10:51:11","modified_gmt":"2022-06-10T13:51:11","slug":"noticiasallan-do-carmo-e-vice-campeao-mundial-de-maratonas-aquaticas","status":"publish","type":"post","link":"https:\/\/www.mormaii.com.br\/site\/noticiasallan-do-carmo-e-vice-campeao-mundial-de-maratonas-aquaticas\/","title":{"rendered":"Allan do Carmo \u00e9 vice-campe\u00e3o mundial de maratonas aqu\u00e1ticas"},"content":{"rendered":"<p>Allan do Carmo encerrou a temporada com a medalha de prata&nbsp;no peito e a conquista do&nbsp;vice-campeonato&nbsp;do circuito mundial de maratonas aqu\u00e1ticas.<\/p>\n<p class=\"p1\">Campe\u00e3o de 2014, eleito o melhor nadador de \u00e1guas abertas do planeta no ano passado, ele j\u00e1 est\u00e1 classificado para as Olimp\u00edadas do Rio 2016.<\/p>\n<p class=\"p1\">Nesse s\u00e1bado, na etapa de Hong Kong, o baiano, que tinha chances de fechar o ranking como n\u00famero 1, finalizou em 2\u00aa na prova e como o vice-l\u00edder da classifica\u00e7\u00e3o geral.<\/p>\n<p class=\"p1\">\u201cO fim da Copa do Mundo 2015 termina com gostinho de vit\u00f3ria. Fui segundo lugar na \u00faltima etapa aqui em Hong Kong, com a diferen\u00e7a de um cent\u00e9simo para o campe\u00e3o da prova, que ficou com o t\u00edtulo da competi\u00e7\u00e3o geral. No final de tudo, mesmo sem disputar quatro etapas das 10 que envolvem o circuito completo, conseguimos conquistar o vice-campeonato geral. Agora, saio de f\u00e9rias e, na volta, ser\u00e1 foco total\u201d, comenta.<\/p>\n<p class=\"p1\">Mesmo abrindo m\u00e3o de quatro das 11 etapas do ano para focar na busca da vaga para as Olimp\u00edadas Rio 2016, o brasileiro chegou \u00e0 prova deste s\u00e1bado na vice-lideran\u00e7a.<\/p>\n<p class=\"p1\">Com o f\u00f4lego em dia, Allan ainda venceu outra&nbsp;competi\u00e7\u00e3o,&nbsp;realizada hoje. &#8220;Praticamente todos os atletas que disputaram a \u00faltima etapa da Copa do Mundo Fina, nadaram tamb\u00e9m a Harbour Race, tradicional prova aqui em Hong Kong. Conquistei o primeiro lugar!&nbsp;Mais um p\u00f3dio em terras orientais! &nbsp;Valeu, Brasil&nbsp;&#8220;, comemora.<\/p>\n<p class=\"p1\">Parab\u00e9ns Allan,&nbsp;representando com muita garra e alegria a&nbsp;nata\u00e7\u00e3o e o esporte&nbsp;brasileiro.<\/p>\n<p class=\"p1\">[Foto: Satiro Sodr\u00e9]<\/p>\n","protected":false},"excerpt":{"rendered":"<p>Allan do Carmo encerrou a temporada com a medalha de prata&nbsp;no peito e a conquista do&nbsp;vice-campeonato&nbsp;do circuito mundial de maratonas aqu\u00e1ticas. Campe\u00e3o de 2014, eleito o melhor nadador de \u00e1guas abertas do planeta no ano passado, ele j\u00e1 est\u00e1 classificado para as Olimp\u00edadas do Rio 2016. Nesse s\u00e1bado, na etapa de Hong Kong, o baiano, [&hellip;]<\/p>\n","protected":false},"author":3,"featured_media":0,"comment_status":"open","ping_status":"open","sticky":false,"template":"","format":"standard","meta":{"_uag_custom_page_level_css":"","_mi_skip_tracking":false,"footnotes":""},"categories":[914],"tags":[],"class_list":["post-2189","post","type-post","status-publish","format-standard","hentry","category-mormaii"],"acf":[],"uagb_featured_image_src":{"full":false,"thumbnail":false,"medium":false,"medium_large":false,"large":false,"1536x1536":false,"2048x2048":false,"qi_addons_for_elementor_image_size_square":false,"qi_addons_for_elementor_image_size_landscape":false,"qi_addons_for_elementor_image_size_portrait":false,"qi_addons_for_elementor_image_size_huge-square":false},"uagb_author_info":{"display_name":"mormaii_importer","author_link":"https:\/\/www.mormaii.com.br\/site\/author\/mormaii_importer\/"},"uagb_comment_info":0,"uagb_excerpt":"Allan do Carmo encerrou a temporada com a medalha de prata&nbsp;no peito e a conquista do&nbsp;vice-campeonato&nbsp;do circuito mundial de maratonas aqu\u00e1ticas. Campe\u00e3o de 2014, eleito o melhor nadador de \u00e1guas abertas do planeta no ano passado, ele j\u00e1 est\u00e1 classificado para as Olimp\u00edadas do Rio 2016. Nesse s\u00e1bado, na etapa de Hong Kong, o baiano,&hellip;","_links":{"self":[{"href":"https:\/\/www.mormaii.com.br\/site\/wp-json\/wp\/v2\/posts\/2189"}],"collection":[{"href":"https:\/\/www.mormaii.com.br\/site\/wp-json\/wp\/v2\/posts"}],"about":[{"href":"https:\/\/www.mormaii.com.br\/site\/wp-json\/wp\/v2\/types\/post"}],"author":[{"embeddable":true,"href":"https:\/\/www.mormaii.com.br\/site\/wp-json\/wp\/v2\/users\/3"}],"replies":[{"embeddable":true,"href":"https:\/\/www.mormaii.com.br\/site\/wp-json\/wp\/v2\/comments?post=2189"}],"version-history":[{"count":1,"href":"https:\/\/www.mormaii.com.br\/site\/wp-json\/wp\/v2\/posts\/2189\/revisions"}],"predecessor-version":[{"id":58291,"href":"https:\/\/www.mormaii.com.br\/site\/wp-json\/wp\/v2\/posts\/2189\/revisions\/58291"}],"wp:attachment":[{"href":"https:\/\/www.mormaii.com.br\/site\/wp-json\/wp\/v2\/media?parent=2189"}],"wp:term":[{"taxonomy":"category","embeddable":true,"href":"https:\/\/www.mormaii.com.br\/site\/wp-json\/wp\/v2\/categories?post=2189"},{"taxonomy":"post_tag","embeddable":true,"href":"https:\/\/www.mormaii.com.br\/site\/wp-json\/wp\/v2\/tags?post=2189"}],"curies":[{"name":"wp","href":"https:\/\/api.w.org\/{rel}","templated":true}]}}