{"id":2190,"date":"2016-04-04T13:33:38","date_gmt":"2016-04-04T13:33:38","guid":{"rendered":"http:\/\/www.mormaii.com.br\/site\/?p=2190"},"modified":"2022-06-10T10:19:20","modified_gmt":"2022-06-10T13:19:20","slug":"noticiaspraia-do-rosa-bike-marathon-2015","status":"publish","type":"post","link":"https:\/\/www.mormaii.com.br\/site\/noticiaspraia-do-rosa-bike-marathon-2015\/","title":{"rendered":"Praia do Rosa Bike Marathon 2015"},"content":{"rendered":"<p>\u00danica representante brasileira no seleto clube das 30 baias mais belas do mundo, a Praia do Rosa, em Imbituba (SC), confirma sua voca\u00e7\u00e3o esportiva ao incluir no calend\u00e1rio o Bike Marathon 2015, evento que acontece pr\u00f3ximo s\u00e1bado e domingo (24 e 25\/10), \u00e0s 9h.<\/p>\n<p class=\"p1\">A&nbsp;largada e a chegada ser\u00e3o no mesmo local, a Arena de Eventos do Mar Del Rosa, com percurso em estrada de terra, ch\u00e3o batido, areia compactada, paralelep\u00edpedo, trilhas e praias.<\/p>\n<p class=\"p1\">Famosa pela beleza natural, que lhe garante posi\u00e7\u00e3o destacada entre os destinos tur\u00edsticos mais desejados&nbsp;do sul do Brasil, a Praia do Rosa tamb\u00e9m&nbsp;\u00e9 refer\u00eancia no meio esportivo.&nbsp;<\/p>\n<p class=\"p1\">&#8211; Os percursos do Praia do Rosa Bike Marathon 2015&nbsp;ter\u00e3o as seguintes dist\u00e2ncias:<\/p>\n<p class=\"p1\">Categoria Light &#8211; 12km<\/p>\n<p class=\"p1\">Categoria Sport &#8211; 30km<\/p>\n<p class=\"p1\">Categoria Pro &#8211; 44km<\/p>\n<p class=\"p1\">&#8211; Cronograma:<\/p>\n<p class=\"p1\"><em>S\u00e1bado (24\/10)<\/em><\/p>\n<p class=\"p1\">10h \u00e0s 21h &#8211; Retirada dos kits<\/p>\n<p class=\"p1\">15h &#8211; Pedal aberto de 15km&nbsp;pelas trilhas e caminhos da regi\u00e3o finalizando \u00e0s 18h no Rosa Sul com mesa de frutas e hidrata\u00e7\u00e3o.<\/p>\n<p class=\"p1\"><em>Domingo (25\/10)<\/em><\/p>\n<p class=\"p1\">7h \u00e0s 8h30 &#8211; Retirada dos kits<\/p>\n<p class=\"p1\">09h &#8211; Largada Pro<\/p>\n<p class=\"p1\">9h10 &#8211; Largada Sport<\/p>\n<p class=\"p1\">9h20 &#8211; Largada Light<\/p>\n<p class=\"p1\">12h &#8211; Encerramento<\/p>\n<p class=\"p1\">14h &#8211; Premia\u00e7\u00e3o<\/p>\n<p class=\"p1\">Aproveite e participe desse evento \u00fanico e inesquec\u00edvel em um dos para\u00edsos naturais mais belos do Brasil!<\/p>\n<p class=\"p1\">Mais informa\u00e7\u00f5es pelo site <a href=\"http:\/\/www.praiadorosabikemarathon.com.br\" rel=\"nofollow noopener\" target=\"_blank\">www.praiadorosabikemarathon.com.br<\/a><\/p>\n<p>Assista ao v\u00eddeo da etapa de 2014 e entre no clima.<\/p>\n<p>[Foto: Andr\u00e9 Larrea]<\/p>\n","protected":false},"excerpt":{"rendered":"<p>\u00danica representante brasileira no seleto clube das 30 baias mais belas do mundo, a Praia do Rosa, em Imbituba (SC), confirma sua voca\u00e7\u00e3o esportiva ao incluir no calend\u00e1rio o Bike Marathon 2015, evento que acontece pr\u00f3ximo s\u00e1bado e domingo (24 e 25\/10), \u00e0s 9h. A&nbsp;largada e a chegada ser\u00e3o no mesmo local, a Arena de [&hellip;]<\/p>\n","protected":false},"author":3,"featured_media":0,"comment_status":"open","ping_status":"open","sticky":false,"template":"","format":"standard","meta":{"_uag_custom_page_level_css":"","_mi_skip_tracking":false,"footnotes":""},"categories":[914],"tags":[],"class_list":["post-2190","post","type-post","status-publish","format-standard","hentry","category-mormaii"],"acf":[],"uagb_featured_image_src":{"full":false,"thumbnail":false,"medium":false,"medium_large":false,"large":false,"1536x1536":false,"2048x2048":false,"qi_addons_for_elementor_image_size_square":false,"qi_addons_for_elementor_image_size_landscape":false,"qi_addons_for_elementor_image_size_portrait":false,"qi_addons_for_elementor_image_size_huge-square":false},"uagb_author_info":{"display_name":"mormaii_importer","author_link":"https:\/\/www.mormaii.com.br\/site\/author\/mormaii_importer\/"},"uagb_comment_info":0,"uagb_excerpt":"\u00danica representante brasileira no seleto clube das 30 baias mais belas do mundo, a Praia do Rosa, em Imbituba (SC), confirma sua voca\u00e7\u00e3o esportiva ao incluir no calend\u00e1rio o Bike Marathon 2015, evento que acontece pr\u00f3ximo s\u00e1bado e domingo (24 e 25\/10), \u00e0s 9h. A&nbsp;largada e a chegada ser\u00e3o no mesmo local, a Arena de&hellip;","_links":{"self":[{"href":"https:\/\/www.mormaii.com.br\/site\/wp-json\/wp\/v2\/posts\/2190"}],"collection":[{"href":"https:\/\/www.mormaii.com.br\/site\/wp-json\/wp\/v2\/posts"}],"about":[{"href":"https:\/\/www.mormaii.com.br\/site\/wp-json\/wp\/v2\/types\/post"}],"author":[{"embeddable":true,"href":"https:\/\/www.mormaii.com.br\/site\/wp-json\/wp\/v2\/users\/3"}],"replies":[{"embeddable":true,"href":"https:\/\/www.mormaii.com.br\/site\/wp-json\/wp\/v2\/comments?post=2190"}],"version-history":[{"count":1,"href":"https:\/\/www.mormaii.com.br\/site\/wp-json\/wp\/v2\/posts\/2190\/revisions"}],"predecessor-version":[{"id":57070,"href":"https:\/\/www.mormaii.com.br\/site\/wp-json\/wp\/v2\/posts\/2190\/revisions\/57070"}],"wp:attachment":[{"href":"https:\/\/www.mormaii.com.br\/site\/wp-json\/wp\/v2\/media?parent=2190"}],"wp:term":[{"taxonomy":"category","embeddable":true,"href":"https:\/\/www.mormaii.com.br\/site\/wp-json\/wp\/v2\/categories?post=2190"},{"taxonomy":"post_tag","embeddable":true,"href":"https:\/\/www.mormaii.com.br\/site\/wp-json\/wp\/v2\/tags?post=2190"}],"curies":[{"name":"wp","href":"https:\/\/api.w.org\/{rel}","templated":true}]}}