{"id":2195,"date":"2016-04-04T13:33:38","date_gmt":"2016-04-04T13:33:38","guid":{"rendered":"http:\/\/www.mormaii.com.br\/site\/?p=2195"},"modified":"2022-06-10T10:32:07","modified_gmt":"2022-06-10T13:32:07","slug":"noticiasian-gouveia-e-esquadrao-mormaii-em-floripa","status":"publish","type":"post","link":"https:\/\/www.mormaii.com.br\/site\/noticiasian-gouveia-e-esquadrao-mormaii-em-floripa\/","title":{"rendered":"Ian Gouveia e esquadr\u00e3o Mormaii em Floripa"},"content":{"rendered":"<p>A m\u00e1xima do esporte \u201cfilho de peixe, peixinho \u00e9\u201d se aplica perfeitamente ao surf de <a href=\"http:\/\/admin.mormaii.com.br\/atletas\/ian-gouveia\" rel=\"nofollow noopener\" target=\"_blank\">Ian Gouveia<\/a>, filho de <a href=\"http:\/\/admin.mormaii.com.br\/atletas\/fabio-gouveia\" rel=\"nofollow noopener\" target=\"_blank\">Fabinho Gouveia<\/a>, um dos maiores \u00eddolos das ondas brasileiras de todos os tempos.&nbsp;<\/p>\n<p class=\"p3\">Assim como o pai, Ian&nbsp;pretende figurar entre os melhores do mundo no World Tour.<\/p>\n<p class=\"p3\">Nessa quarta-feira (21\/10), ele deu mais um passo importante nessa escalada, durante o QS 6000 de Floripa, avan\u00e7ando para a 3\u00aa fase do evento que est\u00e1 sendo disputado na praia do Santinho.&nbsp;<\/p>\n<p class=\"p3\">Com 15,53 pontos na bateria, o atleta garantiu um dos melhores somat\u00f3rios da 2\u00aa fase.&nbsp;<\/p>\n<p class=\"p3\">Apesar de ainda estar longe da classifica\u00e7\u00e3o para o WT 2016, ele n\u00e3o desanima e sabe que o evento em casa, e a perna brasileira de competi\u00e7\u00f5es, podem colaborar para uma arrancada na reta final.&nbsp;<\/p>\n<p class=\"p3\">\u201c\u00c9 irado competir aqui, onde moro h\u00e1 12 anos. Estou empolgado e vou tentar pegar esse g\u00e1s e ganhar essa etapa. Ainda tem muitos pontos em jogo, tr\u00eas primes e duas etapas 6000. Tudo pode acontecer. A gente viu ano passado o Dusty Payne se classificando em duas etapas no Hava\u00ed. Estou pegando experi\u00eancia. Cada um tem seu tempo e um dia vou achar esse caminho\u201d, comenta.<\/p>\n<p class=\"p3\">Competindo no circuito mundial de surf, a compara\u00e7\u00e3o com o pai \u00e9 inevit\u00e1vel; exibindo um belo sorriso, ele diz ser experiente na resposta.&nbsp;<\/p>\n<p class=\"p3\">\u201cDesde pequeno sempre teve essa quest\u00e3o, se eu sofria press\u00e3o ou n\u00e3o. Mas apesar de tudo que meu pai representa, para mim \u00e9 um pai normal. \u00c9 muito gratificante ter ele como exemplo, mas levo isso naturalmente, sem press\u00e3o alguma\u201d, revela.<\/p>\n<p class=\"p3\">A decis\u00e3o de seguir os passos de Fabinho foi natural e teve apoio da fam\u00edlia, mas nunca cobran\u00e7a.&nbsp;<\/p>\n<p class=\"p3\">\u201cEle nunca for\u00e7ou nada. Eu que segui o meu caminho. Tanto \u00e9 que meus irm\u00e3os n\u00e3o quiseram ir por esse lado. Ele deixou \u00e0 escolha da gente\u201d, comenta Ian, que se prepara para uma nova fase, com a chegada da filha Malia, para a alegria dos av\u00f3s Fabinho e Elka.&nbsp;<\/p>\n<p class=\"p3\">\u201cAgora tenho de passar as baterias para comprar fraldas\u201d, brinca.<\/p>\n<p class=\"p3\">Al\u00e9m dele, <a href=\"http:\/\/admin.mormaii.com.br\/atletas\/marco-giorgi\" rel=\"nofollow noopener\" target=\"_blank\">Marco Giorgi<\/a> tamb\u00e9m fez bonito no Santinho e j\u00e1 est\u00e1 classificado para o Round 3.&nbsp;<\/p>\n<p class=\"p3\">Outro que est\u00e1&nbsp;com moral \u00e9 <a href=\"http:\/\/admin.mormaii.com.br\/atletas\/michael-rodrigues\" rel=\"nofollow noopener\" target=\"_blank\">Mike Rodrigues<\/a>, campe\u00e3o da etapa em 2014.<\/p>\n<p class=\"p3\">Por estar melhor classificado no ranking do QS, ele entrou direto na 2\u00aa fase, passou sua bateria em primeiro e garantiu sua vaga&nbsp;no Round 3.&nbsp;<\/p>\n<p class=\"p3\">A competi\u00e7\u00e3o, que come\u00e7ou na ter\u00e7a-feira com 144 surfistas de 24 pa\u00edses e segue at\u00e9 domingo, p\u00f5e em disputa 6 mil pontos no ranking e uma premia\u00e7\u00e3o total de US$ 150 mil, sendo R$ 25 mil ao vencedor.&nbsp;<\/p>\n<p class=\"p3\">Mande sua torcida, <a href=\"http:\/\/www.worldsurfleague.com\/events\/2015\/mqs\/1250\/red-nose-pro15-florianpolis-sc\/live\" rel=\"nofollow noopener\" target=\"_blank\">ao vivo<\/a>, para Ian Gouveia, Marco Giorgi, Mike Rodrigues e todo esquadr\u00e3o brasileiro na competi\u00e7\u00e3o e fique ligado no site da Mormai para mais informa\u00e7\u00f5es.<\/p>\n<p class=\"p3\">[Foto: James Thisted]<\/p>\n","protected":false},"excerpt":{"rendered":"<p>A m\u00e1xima do esporte \u201cfilho de peixe, peixinho \u00e9\u201d se aplica perfeitamente ao surf de Ian Gouveia, filho de Fabinho Gouveia, um dos maiores \u00eddolos das ondas brasileiras de todos os tempos.&nbsp; Assim como o pai, Ian&nbsp;pretende figurar entre os melhores do mundo no World Tour. Nessa quarta-feira (21\/10), ele deu mais um passo importante [&hellip;]<\/p>\n","protected":false},"author":3,"featured_media":0,"comment_status":"open","ping_status":"open","sticky":false,"template":"","format":"standard","meta":{"_uag_custom_page_level_css":"","_mi_skip_tracking":false,"footnotes":""},"categories":[914],"tags":[],"class_list":["post-2195","post","type-post","status-publish","format-standard","hentry","category-mormaii"],"acf":[],"uagb_featured_image_src":{"full":false,"thumbnail":false,"medium":false,"medium_large":false,"large":false,"1536x1536":false,"2048x2048":false,"qi_addons_for_elementor_image_size_square":false,"qi_addons_for_elementor_image_size_landscape":false,"qi_addons_for_elementor_image_size_portrait":false,"qi_addons_for_elementor_image_size_huge-square":false},"uagb_author_info":{"display_name":"mormaii_importer","author_link":"https:\/\/www.mormaii.com.br\/site\/author\/mormaii_importer\/"},"uagb_comment_info":0,"uagb_excerpt":"A m\u00e1xima do esporte \u201cfilho de peixe, peixinho \u00e9\u201d se aplica perfeitamente ao surf de Ian Gouveia, filho de Fabinho Gouveia, um dos maiores \u00eddolos das ondas brasileiras de todos os tempos.&nbsp; Assim como o pai, Ian&nbsp;pretende figurar entre os melhores do mundo no World Tour. Nessa quarta-feira (21\/10), ele deu mais um passo importante&hellip;","_links":{"self":[{"href":"https:\/\/www.mormaii.com.br\/site\/wp-json\/wp\/v2\/posts\/2195"}],"collection":[{"href":"https:\/\/www.mormaii.com.br\/site\/wp-json\/wp\/v2\/posts"}],"about":[{"href":"https:\/\/www.mormaii.com.br\/site\/wp-json\/wp\/v2\/types\/post"}],"author":[{"embeddable":true,"href":"https:\/\/www.mormaii.com.br\/site\/wp-json\/wp\/v2\/users\/3"}],"replies":[{"embeddable":true,"href":"https:\/\/www.mormaii.com.br\/site\/wp-json\/wp\/v2\/comments?post=2195"}],"version-history":[{"count":1,"href":"https:\/\/www.mormaii.com.br\/site\/wp-json\/wp\/v2\/posts\/2195\/revisions"}],"predecessor-version":[{"id":57479,"href":"https:\/\/www.mormaii.com.br\/site\/wp-json\/wp\/v2\/posts\/2195\/revisions\/57479"}],"wp:attachment":[{"href":"https:\/\/www.mormaii.com.br\/site\/wp-json\/wp\/v2\/media?parent=2195"}],"wp:term":[{"taxonomy":"category","embeddable":true,"href":"https:\/\/www.mormaii.com.br\/site\/wp-json\/wp\/v2\/categories?post=2195"},{"taxonomy":"post_tag","embeddable":true,"href":"https:\/\/www.mormaii.com.br\/site\/wp-json\/wp\/v2\/tags?post=2195"}],"curies":[{"name":"wp","href":"https:\/\/api.w.org\/{rel}","templated":true}]}}