{"id":2209,"date":"2016-04-04T13:33:38","date_gmt":"2016-04-04T13:33:38","guid":{"rendered":"http:\/\/www.mormaii.com.br\/site\/?p=2209"},"modified":"2022-06-10T10:41:13","modified_gmt":"2022-06-10T13:41:13","slug":"noticiascarlos-burle-em-portugal-perfeito","status":"publish","type":"post","link":"https:\/\/www.mormaii.com.br\/site\/noticiascarlos-burle-em-portugal-perfeito\/","title":{"rendered":"Carlos Burle em Portugal perfeito"},"content":{"rendered":"<p><a href=\"http:\/\/www.mormaii.com.br\/atletas\/carlos-burle\" rel=\"nofollow noopener\" target=\"_blank\">Carlos Burle<\/a>&nbsp;est\u00e1 em Portugal para surfar as montanhas d&#8217;\u00e1gua&nbsp;de Nazar\u00e9 e aproveitar a temporada europ\u00e9ia de inverno.<\/p>\n<p>Acostumado a viajar ao Hava\u00ed nessa \u00e9poca do ano, o big rider, bicampe\u00e3o mundial de ondas gigantes, dessa vez optou pela&nbsp;costa Atl\u00e2ntica do Hemisf\u00e9rio Norte, ao inv\u00e9s do Pac\u00edfico.<\/p>\n<p>Durante sua estada no pa\u00eds co-irm\u00e3o, Burle precisa manter o&nbsp;treinamento e o surf em dia, mesmo quando o mar n\u00e3o est\u00e1 daquele tamanho que nos acostumamos a v\u00ea-lo.&nbsp;<\/p>\n<p>Para encarar algumas das maiores ondas do planeta, ele&nbsp;precisa estar com os reflexos e a remada em dia.<\/p>\n<p>Por isso, aproveita&nbsp;os in\u00fameros picos da costa portuguesa para conhecer novas bancadas e surfar dias perfeitos com os amigos.<\/p>\n<p>Na galeria de imagens abaixo, Burle mostra toda sua t\u00e9cnica e faz bonito nas manobras e nos tubos, mostrando que est\u00e1 pronto para todas&nbsp;as condi\u00e7\u00f5es que Portugal oferece.<\/p>\n<p>[Fotos: Hugo Silva]<\/p>\n","protected":false},"excerpt":{"rendered":"<p>Carlos Burle&nbsp;est\u00e1 em Portugal para surfar as montanhas d&#8217;\u00e1gua&nbsp;de Nazar\u00e9 e aproveitar a temporada europ\u00e9ia de inverno. Acostumado a viajar ao Hava\u00ed nessa \u00e9poca do ano, o big rider, bicampe\u00e3o mundial de ondas gigantes, dessa vez optou pela&nbsp;costa Atl\u00e2ntica do Hemisf\u00e9rio Norte, ao inv\u00e9s do Pac\u00edfico. Durante sua estada no pa\u00eds co-irm\u00e3o, Burle precisa manter [&hellip;]<\/p>\n","protected":false},"author":3,"featured_media":0,"comment_status":"open","ping_status":"open","sticky":false,"template":"","format":"standard","meta":{"_uag_custom_page_level_css":"","_mi_skip_tracking":false,"footnotes":""},"categories":[914],"tags":[],"class_list":["post-2209","post","type-post","status-publish","format-standard","hentry","category-mormaii"],"acf":[],"uagb_featured_image_src":{"full":false,"thumbnail":false,"medium":false,"medium_large":false,"large":false,"1536x1536":false,"2048x2048":false,"qi_addons_for_elementor_image_size_square":false,"qi_addons_for_elementor_image_size_landscape":false,"qi_addons_for_elementor_image_size_portrait":false,"qi_addons_for_elementor_image_size_huge-square":false},"uagb_author_info":{"display_name":"mormaii_importer","author_link":"https:\/\/www.mormaii.com.br\/site\/author\/mormaii_importer\/"},"uagb_comment_info":0,"uagb_excerpt":"Carlos Burle&nbsp;est\u00e1 em Portugal para surfar as montanhas d&#8217;\u00e1gua&nbsp;de Nazar\u00e9 e aproveitar a temporada europ\u00e9ia de inverno. Acostumado a viajar ao Hava\u00ed nessa \u00e9poca do ano, o big rider, bicampe\u00e3o mundial de ondas gigantes, dessa vez optou pela&nbsp;costa Atl\u00e2ntica do Hemisf\u00e9rio Norte, ao inv\u00e9s do Pac\u00edfico. Durante sua estada no pa\u00eds co-irm\u00e3o, Burle precisa manter&hellip;","_links":{"self":[{"href":"https:\/\/www.mormaii.com.br\/site\/wp-json\/wp\/v2\/posts\/2209"}],"collection":[{"href":"https:\/\/www.mormaii.com.br\/site\/wp-json\/wp\/v2\/posts"}],"about":[{"href":"https:\/\/www.mormaii.com.br\/site\/wp-json\/wp\/v2\/types\/post"}],"author":[{"embeddable":true,"href":"https:\/\/www.mormaii.com.br\/site\/wp-json\/wp\/v2\/users\/3"}],"replies":[{"embeddable":true,"href":"https:\/\/www.mormaii.com.br\/site\/wp-json\/wp\/v2\/comments?post=2209"}],"version-history":[{"count":1,"href":"https:\/\/www.mormaii.com.br\/site\/wp-json\/wp\/v2\/posts\/2209\/revisions"}],"predecessor-version":[{"id":57765,"href":"https:\/\/www.mormaii.com.br\/site\/wp-json\/wp\/v2\/posts\/2209\/revisions\/57765"}],"wp:attachment":[{"href":"https:\/\/www.mormaii.com.br\/site\/wp-json\/wp\/v2\/media?parent=2209"}],"wp:term":[{"taxonomy":"category","embeddable":true,"href":"https:\/\/www.mormaii.com.br\/site\/wp-json\/wp\/v2\/categories?post=2209"},{"taxonomy":"post_tag","embeddable":true,"href":"https:\/\/www.mormaii.com.br\/site\/wp-json\/wp\/v2\/tags?post=2209"}],"curies":[{"name":"wp","href":"https:\/\/api.w.org\/{rel}","templated":true}]}}