{"id":2211,"date":"2016-04-04T13:33:38","date_gmt":"2016-04-04T13:33:38","guid":{"rendered":"http:\/\/www.mormaii.com.br\/site\/?p=2211"},"modified":"2022-06-10T10:45:10","modified_gmt":"2022-06-10T13:45:10","slug":"noticiasblog-fitness-or-novidade-na-agenda-de-cursos","status":"publish","type":"post","link":"https:\/\/www.mormaii.com.br\/site\/noticiasblog-fitness-or-novidade-na-agenda-de-cursos\/","title":{"rendered":"Blog Fitness | Novidade na agenda de cursos"},"content":{"rendered":"<p>O ano de 2015 est\u00e1 entrando em sua reta final, mas ainda tem muita coisa para rolar no curso do M\u00e9todo Integrado Mormaii Fitness. Isso mesmo!<\/p>\n<p>A Mormaii est\u00e1 com v\u00e1rias turmas abertas ainda nesse ano! <\/p>\n<p>Mais do que convidar voc\u00ea que \u00e9 profissional de Educa\u00e7\u00e3o F\u00edsica e Fisioterapia para participar, n\u00f3s queremos que voc\u00ea veja a opini\u00e3o de quem participou do curso e tire as suas pr\u00f3prias conclus\u00f5es. Uma coisa \u00e9 certa: se voc\u00ea quer mais conhecimento, n\u00f3s estamos aqui para te ajudar a tornar o seu trabalho ainda melhor. <\/p>\n<p>Confira alguns depoimentos de quem j\u00e1 participou do nosso curso:<\/p>\n<p><b>Francielle Christina Oliveira (profissional de Educa\u00e7\u00e3o F\u00edsica)<br \/><\/b>O curso do M\u00e9todo Integrado Mormaii Fitness me abriu um leque de op\u00e7\u00f5es para aplicar em minhas aulas de treinamento funcional. Investir neste curso foi excelente, sem contar toda a aten\u00e7\u00e3o que temos dos professores durante o curso. <\/p>\n<p><b>Hugo Edgar Szczerbowski (profissional de Educa\u00e7\u00e3o F\u00edsica)<\/b><br \/> Curso muito bom, treinadora excelente, \u00f3tima oportunidade de aprender e vivenciar o repert\u00f3rio de exerc\u00edcios da metodologia Mormaii.<\/p>\n<p><b>Lilian Danielle Cardoso (profissional de Educa\u00e7\u00e3o F\u00edsica)<br \/><\/b>Neste m\u00f3dulo consegui um bom aproveitamento, principalmente na montagem das aulas. Adorei a did\u00e1tica da professora porque passou de forma clara. <\/p>\n<p><b>Mariana Rovalti Bernardi (fisioterapeuta)<br \/><\/b>Adorei o curso. A metodologia \u00e9 excelente. Me facilitou bastante a vis\u00e3o de aula e qual foco tenho que seguir. Os instrutores tem um amplo conhecimento da t\u00e9cnica.<\/p>\n<p><b>Alan Pereira (fisioterapeuta) <\/b><br \/> A ferramenta de avalia\u00e7\u00e3o do M\u00e9todo Integrado Mormaii Fitness fez uma enorme diferen\u00e7a na minha viv\u00eancia cl\u00ednica. <\/p>\n<p>Curtiu? Saiba mais sobre o que voc\u00ea vai aprender por l\u00e1 <a href=\"http:\/\/fitness.mormaii.com.br\/cursos\/?id_ad=4809&amp;utm_source=Site&amp;utm_medium=SITE-MII_Oficial-20151103-curso-nova-agenda&amp;utm_campaign=Institucional\" rel=\"nofollow noopener\" target=\"_blank\">clicando aqui.<\/a><\/p>\n","protected":false},"excerpt":{"rendered":"<p>O ano de 2015 est\u00e1 entrando em sua reta final, mas ainda tem muita coisa para rolar no curso do M\u00e9todo Integrado Mormaii Fitness. Isso mesmo! A Mormaii est\u00e1 com v\u00e1rias turmas abertas ainda nesse ano! Mais do que convidar voc\u00ea que \u00e9 profissional de Educa\u00e7\u00e3o F\u00edsica e Fisioterapia para participar, n\u00f3s queremos que voc\u00ea [&hellip;]<\/p>\n","protected":false},"author":3,"featured_media":0,"comment_status":"open","ping_status":"open","sticky":false,"template":"","format":"standard","meta":{"_uag_custom_page_level_css":"","_mi_skip_tracking":false,"footnotes":""},"categories":[914],"tags":[],"class_list":["post-2211","post","type-post","status-publish","format-standard","hentry","category-mormaii"],"acf":[],"uagb_featured_image_src":{"full":false,"thumbnail":false,"medium":false,"medium_large":false,"large":false,"1536x1536":false,"2048x2048":false,"qi_addons_for_elementor_image_size_square":false,"qi_addons_for_elementor_image_size_landscape":false,"qi_addons_for_elementor_image_size_portrait":false,"qi_addons_for_elementor_image_size_huge-square":false},"uagb_author_info":{"display_name":"mormaii_importer","author_link":"https:\/\/www.mormaii.com.br\/site\/author\/mormaii_importer\/"},"uagb_comment_info":0,"uagb_excerpt":"O ano de 2015 est\u00e1 entrando em sua reta final, mas ainda tem muita coisa para rolar no curso do M\u00e9todo Integrado Mormaii Fitness. Isso mesmo! A Mormaii est\u00e1 com v\u00e1rias turmas abertas ainda nesse ano! Mais do que convidar voc\u00ea que \u00e9 profissional de Educa\u00e7\u00e3o F\u00edsica e Fisioterapia para participar, n\u00f3s queremos que voc\u00ea&hellip;","_links":{"self":[{"href":"https:\/\/www.mormaii.com.br\/site\/wp-json\/wp\/v2\/posts\/2211"}],"collection":[{"href":"https:\/\/www.mormaii.com.br\/site\/wp-json\/wp\/v2\/posts"}],"about":[{"href":"https:\/\/www.mormaii.com.br\/site\/wp-json\/wp\/v2\/types\/post"}],"author":[{"embeddable":true,"href":"https:\/\/www.mormaii.com.br\/site\/wp-json\/wp\/v2\/users\/3"}],"replies":[{"embeddable":true,"href":"https:\/\/www.mormaii.com.br\/site\/wp-json\/wp\/v2\/comments?post=2211"}],"version-history":[{"count":1,"href":"https:\/\/www.mormaii.com.br\/site\/wp-json\/wp\/v2\/posts\/2211\/revisions"}],"predecessor-version":[{"id":57980,"href":"https:\/\/www.mormaii.com.br\/site\/wp-json\/wp\/v2\/posts\/2211\/revisions\/57980"}],"wp:attachment":[{"href":"https:\/\/www.mormaii.com.br\/site\/wp-json\/wp\/v2\/media?parent=2211"}],"wp:term":[{"taxonomy":"category","embeddable":true,"href":"https:\/\/www.mormaii.com.br\/site\/wp-json\/wp\/v2\/categories?post=2211"},{"taxonomy":"post_tag","embeddable":true,"href":"https:\/\/www.mormaii.com.br\/site\/wp-json\/wp\/v2\/tags?post=2211"}],"curies":[{"name":"wp","href":"https:\/\/api.w.org\/{rel}","templated":true}]}}