{"id":2213,"date":"2016-04-04T13:33:38","date_gmt":"2016-04-04T13:33:38","guid":{"rendered":"http:\/\/www.mormaii.com.br\/site\/?p=2213"},"modified":"2022-06-10T10:42:49","modified_gmt":"2022-06-10T13:42:49","slug":"noticiasburle-e-maya-nas-ondas-gigantes-de-portugal","status":"publish","type":"post","link":"https:\/\/www.mormaii.com.br\/site\/noticiasburle-e-maya-nas-ondas-gigantes-de-portugal\/","title":{"rendered":"Burle e Maya nas ondas gigantes de Portugal"},"content":{"rendered":"<p>H\u00e1 dois anos, <a href=\"http:\/\/admin.mormaii.com.br\/atletas\/maya-gabeira\" rel=\"nofollow noopener\" target=\"_blank\">Maya Gabeira<\/a> e <a href=\"http:\/\/admin.mormaii.com.br\/atletas\/carlos-burle\" rel=\"nofollow noopener\" target=\"_blank\">Carlos Burle<\/a> viveram um dos momentos mais dram\u00e1ticos da hist\u00f3ria do surf quando o pernambucano resgatou a carioca inconsciente de um mar gigantesco em Nazar\u00e9, Portugal.<\/p>\n<p class=\"p1\">Ontem, sexta-feira (30\/10), Maya espantou as m\u00e1s lembran\u00e7as da melhor forma poss\u00edvel, fazendo o que mais ama: surfar.<\/p>\n<p class=\"p1\">Em uma sess\u00e3o de tow in na companhia do mentor Carlos Burle, ela desceu uma montanha em movimento com milh\u00f5es de litros d\u2019agua despencando sobre sua cabe\u00e7a, completou o drop e saiu feliz da vida de mais uma sess\u00e3o inesquec\u00edvel.<\/p>\n<p class=\"p1\">Com o feito, Maya est\u00e1 inscrita no XXL Big Wave Awards, o Oscar das ondas gigantes, na categoria Ride of the Year, de melhor onda surfada na temporada.<\/p>\n<p class=\"p1\">Quem tamb\u00e9m fez bonito foi Carlos Burle, que, al\u00e9m de rebocar Maya no lugar certo, surfou uma onda linda, manobrando no cr\u00edtico com suas tradicionais rasgadas de backside.<\/p>\n<p class=\"p1\">A dupla segue em Portugal treinando forte para os pr\u00f3ximos dias que prometem muitas emo\u00e7\u00f5es e adrenalina.<\/p>\n<p class=\"p1\">Fique ligado no site da Mormaii para mais novidades.<\/p>\n<p class=\"p1\"><\/p>\n<p><iframe loading=\"lazy\" width=\"800\" height=\"450\" src=\"https:\/\/www.youtube.com\/embed\/eyL8-ZrLKXQ?rel=0&amp;showinfo=0\" frameborder=\"0\" allowfullscreen=\"\"><\/iframe><\/p>\n<p class=\"p1\">[Foto: Vitor Estrelinha\/WSL \/\/ Surfista: Maya Gabeira]<\/p>\n","protected":false},"excerpt":{"rendered":"<p>H\u00e1 dois anos, Maya Gabeira e Carlos Burle viveram um dos momentos mais dram\u00e1ticos da hist\u00f3ria do surf quando o pernambucano resgatou a carioca inconsciente de um mar gigantesco em Nazar\u00e9, Portugal. Ontem, sexta-feira (30\/10), Maya espantou as m\u00e1s lembran\u00e7as da melhor forma poss\u00edvel, fazendo o que mais ama: surfar. Em uma sess\u00e3o de tow [&hellip;]<\/p>\n","protected":false},"author":3,"featured_media":0,"comment_status":"open","ping_status":"open","sticky":false,"template":"","format":"standard","meta":{"_uag_custom_page_level_css":"","_mi_skip_tracking":false,"footnotes":""},"categories":[914],"tags":[],"class_list":["post-2213","post","type-post","status-publish","format-standard","hentry","category-mormaii"],"acf":[],"uagb_featured_image_src":{"full":false,"thumbnail":false,"medium":false,"medium_large":false,"large":false,"1536x1536":false,"2048x2048":false,"qi_addons_for_elementor_image_size_square":false,"qi_addons_for_elementor_image_size_landscape":false,"qi_addons_for_elementor_image_size_portrait":false,"qi_addons_for_elementor_image_size_huge-square":false},"uagb_author_info":{"display_name":"mormaii_importer","author_link":"https:\/\/www.mormaii.com.br\/site\/author\/mormaii_importer\/"},"uagb_comment_info":0,"uagb_excerpt":"H\u00e1 dois anos, Maya Gabeira e Carlos Burle viveram um dos momentos mais dram\u00e1ticos da hist\u00f3ria do surf quando o pernambucano resgatou a carioca inconsciente de um mar gigantesco em Nazar\u00e9, Portugal. Ontem, sexta-feira (30\/10), Maya espantou as m\u00e1s lembran\u00e7as da melhor forma poss\u00edvel, fazendo o que mais ama: surfar. Em uma sess\u00e3o de tow&hellip;","_links":{"self":[{"href":"https:\/\/www.mormaii.com.br\/site\/wp-json\/wp\/v2\/posts\/2213"}],"collection":[{"href":"https:\/\/www.mormaii.com.br\/site\/wp-json\/wp\/v2\/posts"}],"about":[{"href":"https:\/\/www.mormaii.com.br\/site\/wp-json\/wp\/v2\/types\/post"}],"author":[{"embeddable":true,"href":"https:\/\/www.mormaii.com.br\/site\/wp-json\/wp\/v2\/users\/3"}],"replies":[{"embeddable":true,"href":"https:\/\/www.mormaii.com.br\/site\/wp-json\/wp\/v2\/comments?post=2213"}],"version-history":[{"count":1,"href":"https:\/\/www.mormaii.com.br\/site\/wp-json\/wp\/v2\/posts\/2213\/revisions"}],"predecessor-version":[{"id":57860,"href":"https:\/\/www.mormaii.com.br\/site\/wp-json\/wp\/v2\/posts\/2213\/revisions\/57860"}],"wp:attachment":[{"href":"https:\/\/www.mormaii.com.br\/site\/wp-json\/wp\/v2\/media?parent=2213"}],"wp:term":[{"taxonomy":"category","embeddable":true,"href":"https:\/\/www.mormaii.com.br\/site\/wp-json\/wp\/v2\/categories?post=2213"},{"taxonomy":"post_tag","embeddable":true,"href":"https:\/\/www.mormaii.com.br\/site\/wp-json\/wp\/v2\/tags?post=2213"}],"curies":[{"name":"wp","href":"https:\/\/api.w.org\/{rel}","templated":true}]}}